{"id":53921,"date":"2026-03-04T17:41:07","date_gmt":"2026-03-04T15:41:07","guid":{"rendered":"https:\/\/iknw.pl\/?p=53921"},"modified":"2026-03-04T17:41:07","modified_gmt":"2026-03-04T15:41:07","slug":"gliwice-zostaw-auto-na-obrzezu-miasta-do-centrum-jedz-autobusem-lub-rowerem-przy-ul-pszczynskiej-ma-powstac-wezel-przesiadkowy-gliwice-arena","status":"publish","type":"post","link":"https:\/\/iknw.pl\/?p=53921","title":{"rendered":"Gliwice: Zostaw auto na obrze\u017cu miasta, do centrum jed\u017a autobusem lub rowerem. Przy ul. Pszczy\u0144skiej ma powsta\u0107 w\u0119ze\u0142 przesiadkowy \u201eGliwice-Arena\u201d"},"content":{"rendered":"<p><strong>Og\u0142oszono przetarg na realizacj\u0119 inwestycji w ramach projektu \u201eMobilna Metropolia \u2013 budowa w\u0119z\u0142a przesiadkowego Gliwice-Arena\u201d. Dzi\u0119ki planowanemu przedsi\u0119wzi\u0119ciu \u0142atwiej b\u0119dzie zaparkowa\u0107 auto na obrze\u017cu miasta i dalej podr\u00f3\u017cowa\u0107 autobusem lub rowerem metropolitalnym, a tak\u017ce wygodnie i szybko przej\u015b\u0107 z ul. Pszczy\u0144skiej do ul. Kujawskiej. <\/strong><\/p>\n<p>Nowy w\u0119ze\u0142 powstanie w s\u0105siedztwie PreZero Areny oraz Centrum Edukacji i Biznesu \u201eNowe Gliwice\u201d, przy jednej z g\u0142\u00f3wnych tras wjazdowych do miasta \u2013 ul. Pszczy\u0144skiej (droga krajowa nr 44), po\u0142\u0105czonej z autostradami A1 i A4 oraz Drogow\u0105 Tras\u0105 \u015arednicow\u0105.<\/p>\n<p>W jego obr\u0119bie zaplanowano 103 miejsca postojowe dla samochod\u00f3w, w tym 6 dla os\u00f3b z niepe\u0142nosprawno\u015bciami, a tak\u017ce wiat\u0119 rowerow\u0105 na 10 stanowisk i stacj\u0119 Metroroweru. Kierowcy b\u0119d\u0105 mogli zostawi\u0107 auto i w kilka krok\u00f3w przesi\u0105\u015b\u0107 si\u0119 np. na autobus komunikacji publicznej.<\/p>\n<p>Inwestycja uporz\u0105dkuje r\u00f3wnie\u017c przestrze\u0144 mi\u0119dzy ul. Pszczy\u0144sk\u0105 a ul. Kujawsk\u0105. Dzi\u015b przej\u015bcie od okolic PreZero Areny w stron\u0119 \u201eNowych Gliwic\u201d bywa utrudnione przez zaro\u015bni\u0119te fragmenty terenu i bariery infrastrukturalne. Projekt przewiduje budow\u0119 oko\u0142o 500-metrowego ci\u0105gu pieszego \u0142\u0105cz\u0105cego w\u0119ze\u0142 z \u201eNowymi Gliwicami&#8221; i ul. Kujawsk\u0105 (dostosowanego r\u00f3wnie\u017c do jazdy rowerem) oraz k\u0142adki nad magistral\u0105 ciep\u0142ownicz\u0105.<\/p>\n<p>Na terenie w\u0119z\u0142a nie zabraknie tablic z dynamiczn\u0105 informacj\u0105 pasa\u017cersk\u0105 o rozk\u0142adach jazdy, biletomatu, \u0142awek, nowego ledowego o\u015bwietlenia i nowych nasadze\u0144. Co wi\u0119cej, w\u0119ze\u0142 zostanie w\u0142\u0105czony w istniej\u0105c\u0105 sie\u0107 komunikacji publicznej i b\u0119dzie skomunikowany z Centrum Przesiadkowym przy ul. Sk\u0142adowej, co pozwoli \u0142\u0105czy\u0107 podr\u00f3\u017ce r\u00f3wnie\u017c z poci\u0105giem.<\/p>\n<p>Oferty w przetargu mo\u017cna sk\u0142ada\u0107 do 17 marca. Wybrany wykonawca b\u0119dzie mia\u0142 p\u00f3\u0142tora roku na realizacj\u0119 inwestycji od momentu podpisania umowy. Budowa w\u0119z\u0142a przesiadkowego realizowana b\u0119dzie w ramach programu Fundusze Europejskie na Infrastruktur\u0119, Klimat, \u015arodowisko 2021\u20132027, priorytet FENX.03 Transport miejski, dzia\u0142anie FENX.03.01 Transport miejski. Projekt jest wsp\u00f3\u0142finansowany z Funduszu Sp\u00f3jno\u015bci. Ca\u0142kowity bud\u017cet przedsi\u0119wzi\u0119cia wynosi 16 847 146,86 z\u0142, a kwota dofinansowania to 11 642 337,25 z\u0142.<\/p>\n<p>Info: Gliwice<br \/>\nfot. M. Buksa \/ UM Gliwice<\/p>\n","protected":false},"excerpt":{"rendered":"<p>Og\u0142oszono przetarg na realizacj\u0119 inwestycji w ramach projektu \u201eMobilna Metropolia \u2013 budowa w\u0119z\u0142a przesiadkowego Gliwice-Arena\u201d. Dzi\u0119ki planowanemu przedsi\u0119wzi\u0119ciu \u0142atwiej b\u0119dzie zaparkowa\u0107 auto na obrze\u017cu miasta i dalej podr\u00f3\u017cowa\u0107 autobusem lub rowerem metropolitalnym, a tak\u017ce wygodnie i szybko przej\u015b\u0107 z ul. Pszczy\u0144skiej do ul. Kujawskiej. Nowy w\u0119ze\u0142 powstanie w s\u0105siedztwie PreZero Areny oraz Centrum Edukacji i [&hellip;]<\/p>\n","protected":false},"author":6,"featured_media":53922,"comment_status":"open","ping_status":"open","sticky":false,"template":"","format":"standard","meta":{"footnotes":""},"categories":[49,52],"tags":[94,86,85,156],"class_list":{"0":"post-53921","1":"post","2":"type-post","3":"status-publish","4":"format-standard","5":"has-post-thumbnail","7":"category-gliwice","8":"category-informacje","10":"tag-iknurow-pl","11":"tag-iknw","12":"tag-info"},"_links":{"self":[{"href":"https:\/\/iknw.pl\/index.php?rest_route=\/wp\/v2\/posts\/53921","targetHints":{"allow":["GET"]}}],"collection":[{"href":"https:\/\/iknw.pl\/index.php?rest_route=\/wp\/v2\/posts"}],"about":[{"href":"https:\/\/iknw.pl\/index.php?rest_route=\/wp\/v2\/types\/post"}],"author":[{"embeddable":true,"href":"https:\/\/iknw.pl\/index.php?rest_route=\/wp\/v2\/users\/6"}],"replies":[{"embeddable":true,"href":"https:\/\/iknw.pl\/index.php?rest_route=%2Fwp%2Fv2%2Fcomments&post=53921"}],"version-history":[{"count":1,"href":"https:\/\/iknw.pl\/index.php?rest_route=\/wp\/v2\/posts\/53921\/revisions"}],"predecessor-version":[{"id":53923,"href":"https:\/\/iknw.pl\/index.php?rest_route=\/wp\/v2\/posts\/53921\/revisions\/53923"}],"wp:featuredmedia":[{"embeddable":true,"href":"https:\/\/iknw.pl\/index.php?rest_route=\/wp\/v2\/media\/53922"}],"wp:attachment":[{"href":"https:\/\/iknw.pl\/index.php?rest_route=%2Fwp%2Fv2%2Fmedia&parent=53921"}],"wp:term":[{"taxonomy":"category","embeddable":true,"href":"https:\/\/iknw.pl\/index.php?rest_route=%2Fwp%2Fv2%2Fcategories&post=53921"},{"taxonomy":"post_tag","embeddable":true,"href":"https:\/\/iknw.pl\/index.php?rest_route=%2Fwp%2Fv2%2Ftags&post=53921"}],"curies":[{"name":"wp","href":"https:\/\/api.w.org\/{rel}","templated":true}]}}