{"id":54429,"date":"2026-03-11T11:52:53","date_gmt":"2026-03-11T09:52:53","guid":{"rendered":"https:\/\/iknw.pl\/?p=54429"},"modified":"2026-03-11T11:52:53","modified_gmt":"2026-03-11T09:52:53","slug":"gieraltowice-poczuj-emocje-na-zywo-muzyczny-wieczor-w-gminnym-osrodku-kultury","status":"publish","type":"post","link":"https:\/\/iknw.pl\/?p=54429","title":{"rendered":"Giera\u0142towice: Poczuj emocje na \u017cywo &#8211; muzyczny wiecz\u00f3r w Gminnym O\u015brodku Kultury"},"content":{"rendered":"<p>Szukacie Pa\u0144stwo sposobu na to, by nieco zwolni\u0107 i zanurzy\u0107 si\u0119 w koj\u0105cych d\u017awi\u0119kach? Mamy propozycj\u0119 idealn\u0105 na marcowy wiecz\u00f3r. Ju\u017c 21 marca o godzinie 19:00 Gminny O\u015brodek Kultury w Giera\u0142towicach wype\u0142ni\u0105 soulowe i jazzowe brzmienia.<\/p>\n<p>\u200bPrzed publiczno\u015bci\u0105 wyst\u0105pi duet znakomitych muzyk\u00f3w: Grzegorz Kasperczyk przy pianinie oraz Grzegorz Czuchaj na saksofonie. To wyj\u0105tkowe po\u0142\u0105czenie dw\u00f3ch instrument\u00f3w obiecuje wiecz\u00f3r pe\u0142en nastrojowych improwizacji i g\u0142\u0119bokich emocji, kt\u00f3re rodz\u0105 si\u0119 wy\u0142\u0105cznie podczas interakcji artyst\u00f3w z widowni\u0105 \u201ena \u017cywo\u201d.<\/p>\n<p>\u200bWydarzenie jest owocem wsp\u00f3\u0142pracy GOK-u oraz inicjatywy spo\u0142ecznej \u201eS\u0105siedzi z Giera\u0142towic\u201d, kt\u00f3rzy s\u0105 pomys\u0142odawcami tego muzycznego spotkania. To doskona\u0142a okazja, by wsp\u00f3lnie z bliskimi celebrowa\u0107 kultur\u0119 w lokalnym wydaniu i poczu\u0107 prawdziw\u0105 magi\u0119 d\u017awi\u0119ku.<\/p>\n<p>Wst\u0119p na koncert jest bezp\u0142atny. Bezp\u0142atne wej\u015bci\u00f3wki mo\u017cna odbiera\u0107 od 9 marca w siedzibie Gminnego O\u015brodka Kultury. Warto si\u0119 pospieszy\u0107, poniewa\u017c liczba miejsc jest ograniczona!!<\/p>\n","protected":false},"excerpt":{"rendered":"<p>Szukacie Pa\u0144stwo sposobu na to, by nieco zwolni\u0107 i zanurzy\u0107 si\u0119 w koj\u0105cych d\u017awi\u0119kach? Mamy propozycj\u0119 idealn\u0105 na marcowy wiecz\u00f3r. Ju\u017c 21 marca o godzinie 19:00 Gminny O\u015brodek Kultury w Giera\u0142towicach wype\u0142ni\u0105 soulowe i jazzowe brzmienia. \u200bPrzed publiczno\u015bci\u0105 wyst\u0105pi duet znakomitych muzyk\u00f3w: Grzegorz Kasperczyk przy pianinie oraz Grzegorz Czuchaj na saksofonie. To wyj\u0105tkowe po\u0142\u0105czenie dw\u00f3ch [&hellip;]<\/p>\n","protected":false},"author":6,"featured_media":54430,"comment_status":"open","ping_status":"open","sticky":false,"template":"","format":"standard","meta":{"footnotes":""},"categories":[63,52,32],"tags":[383,86,85,156],"class_list":{"0":"post-54429","1":"post","2":"type-post","3":"status-publish","4":"format-standard","5":"has-post-thumbnail","7":"category-gmina-gieraltowice","8":"category-informacje","9":"category-kultura-i-rozrywka","11":"tag-iknurow-pl","12":"tag-iknw","13":"tag-info"},"_links":{"self":[{"href":"https:\/\/iknw.pl\/index.php?rest_route=\/wp\/v2\/posts\/54429","targetHints":{"allow":["GET"]}}],"collection":[{"href":"https:\/\/iknw.pl\/index.php?rest_route=\/wp\/v2\/posts"}],"about":[{"href":"https:\/\/iknw.pl\/index.php?rest_route=\/wp\/v2\/types\/post"}],"author":[{"embeddable":true,"href":"https:\/\/iknw.pl\/index.php?rest_route=\/wp\/v2\/users\/6"}],"replies":[{"embeddable":true,"href":"https:\/\/iknw.pl\/index.php?rest_route=%2Fwp%2Fv2%2Fcomments&post=54429"}],"version-history":[{"count":1,"href":"https:\/\/iknw.pl\/index.php?rest_route=\/wp\/v2\/posts\/54429\/revisions"}],"predecessor-version":[{"id":54431,"href":"https:\/\/iknw.pl\/index.php?rest_route=\/wp\/v2\/posts\/54429\/revisions\/54431"}],"wp:featuredmedia":[{"embeddable":true,"href":"https:\/\/iknw.pl\/index.php?rest_route=\/wp\/v2\/media\/54430"}],"wp:attachment":[{"href":"https:\/\/iknw.pl\/index.php?rest_route=%2Fwp%2Fv2%2Fmedia&parent=54429"}],"wp:term":[{"taxonomy":"category","embeddable":true,"href":"https:\/\/iknw.pl\/index.php?rest_route=%2Fwp%2Fv2%2Fcategories&post=54429"},{"taxonomy":"post_tag","embeddable":true,"href":"https:\/\/iknw.pl\/index.php?rest_route=%2Fwp%2Fv2%2Ftags&post=54429"}],"curies":[{"name":"wp","href":"https:\/\/api.w.org\/{rel}","templated":true}]}}