{"id":54444,"date":"2026-03-11T18:45:32","date_gmt":"2026-03-11T16:45:32","guid":{"rendered":"https:\/\/iknw.pl\/?p=54444"},"modified":"2026-03-11T18:45:32","modified_gmt":"2026-03-11T16:45:32","slug":"gliwice-39-latek-zatrzymany-z-narkotykami","status":"publish","type":"post","link":"https:\/\/iknw.pl\/?p=54444","title":{"rendered":"Gliwice: 39-latek zatrzymany z narkotykami"},"content":{"rendered":"<p><strong>Policjanci z Wydzia\u0142u Kryminalnego Komisariatu Policji I w Gliwicach zatrzymali 39-letniego mieszka\u0144ca Gliwic podejrzanego o posiadanie znacznej ilo\u015bci narkotyk\u00f3w. W jego mieszkaniu mundurowi zabezpieczyli \u015brodki odurzaj\u0105ce, z kt\u00f3rych mo\u017cna by\u0142o przygotowa\u0107 ponad 200 porcji dilerskich. Decyzj\u0105 prokuratora wobec m\u0119\u017cczyzny zastosowano doz\u00f3r policyjny.<\/strong><\/p>\n<p>Policjanci z Wydzia\u0142u Kryminalnego Komisariatu Policji I w Gliwicach, wykonuj\u0105c czynno\u015bci s\u0142u\u017cbowe, wpadli na trop m\u0119\u017cczyzny, co do kt\u00f3rego istnia\u0142o podejrzenie, \u017ce w miejscu zamieszkania mo\u017ce posiada\u0107 znaczn\u0105 ilo\u015b\u0107 \u015brodk\u00f3w odurzaj\u0105cych. Funkcjonariusze niezw\u0142ocznie podj\u0119li dzia\u0142ania i udali si\u0119 do jego mieszkania.<\/p>\n<p>Na miejscu potwierdzono obecno\u015b\u0107 39-letniego m\u0119\u017cczyzny. Podczas podj\u0119tych czynno\u015bci m\u0119\u017cczyzna o\u015bwiadczy\u0142, \u017ce posiada narkotyki, po czym wyda\u0142 policjantom susz ro\u015blinny przypominaj\u0105cy marihuan\u0119 oraz substancje o wygl\u0105dzie charakterystycznym dla amfetaminy i metamfetaminy.<\/p>\n<p>Z zabezpieczonych narkotyk\u00f3w mo\u017cna by\u0142o przygotowa\u0107 ponad 200 porcji dilerskich. M\u0119\u017cczyzna zosta\u0142 zatrzymany i osadzony w policyjnym areszcie.<\/p>\n<p>Gliwiczanin us\u0142ysza\u0142 zarzut posiadania znacznej ilo\u015bci \u015brodk\u00f3w odurzaj\u0105cych z art. 62 ust. 2 ustawy o przeciwdzia\u0142aniu narkomanii. Za pope\u0142nione przest\u0119pstwo grozi mu kara do 10 lat pozbawienia wolno\u015bci. Prokurator zastosowa\u0142 wobec niego \u015brodek zapobiegawczy w postaci dozoru policyjnego.<\/p>\n<p>Post\u0119powanie w tej sprawie prowadzi Wydzia\u0142 Kryminalny Komisariatu Policji I w Gliwicach pod nadzorem Prokuratury Rejonowej Gliwice-Zach\u00f3d<\/p>\n<p>Info: KMP Gliwice<\/p>\n","protected":false},"excerpt":{"rendered":"<p>Policjanci z Wydzia\u0142u Kryminalnego Komisariatu Policji I w Gliwicach zatrzymali 39-letniego mieszka\u0144ca Gliwic podejrzanego o posiadanie znacznej ilo\u015bci narkotyk\u00f3w. W jego mieszkaniu mundurowi zabezpieczyli \u015brodki odurzaj\u0105ce, z kt\u00f3rych mo\u017cna by\u0142o przygotowa\u0107 ponad 200 porcji dilerskich. Decyzj\u0105 prokuratora wobec m\u0119\u017cczyzny zastosowano doz\u00f3r policyjny. Policjanci z Wydzia\u0142u Kryminalnego Komisariatu Policji I w Gliwicach, wykonuj\u0105c czynno\u015bci s\u0142u\u017cbowe, wpadli [&hellip;]<\/p>\n","protected":false},"author":6,"featured_media":54445,"comment_status":"open","ping_status":"open","sticky":false,"template":"","format":"standard","meta":{"footnotes":""},"categories":[49,46],"tags":[86,85,95],"class_list":{"0":"post-54444","1":"post","2":"type-post","3":"status-publish","4":"format-standard","5":"has-post-thumbnail","7":"category-gliwice","9":"tag-iknurow-pl","10":"tag-iknw","11":"tag-kmp-gliwice"},"_links":{"self":[{"href":"https:\/\/iknw.pl\/index.php?rest_route=\/wp\/v2\/posts\/54444","targetHints":{"allow":["GET"]}}],"collection":[{"href":"https:\/\/iknw.pl\/index.php?rest_route=\/wp\/v2\/posts"}],"about":[{"href":"https:\/\/iknw.pl\/index.php?rest_route=\/wp\/v2\/types\/post"}],"author":[{"embeddable":true,"href":"https:\/\/iknw.pl\/index.php?rest_route=\/wp\/v2\/users\/6"}],"replies":[{"embeddable":true,"href":"https:\/\/iknw.pl\/index.php?rest_route=%2Fwp%2Fv2%2Fcomments&post=54444"}],"version-history":[{"count":1,"href":"https:\/\/iknw.pl\/index.php?rest_route=\/wp\/v2\/posts\/54444\/revisions"}],"predecessor-version":[{"id":54446,"href":"https:\/\/iknw.pl\/index.php?rest_route=\/wp\/v2\/posts\/54444\/revisions\/54446"}],"wp:featuredmedia":[{"embeddable":true,"href":"https:\/\/iknw.pl\/index.php?rest_route=\/wp\/v2\/media\/54445"}],"wp:attachment":[{"href":"https:\/\/iknw.pl\/index.php?rest_route=%2Fwp%2Fv2%2Fmedia&parent=54444"}],"wp:term":[{"taxonomy":"category","embeddable":true,"href":"https:\/\/iknw.pl\/index.php?rest_route=%2Fwp%2Fv2%2Fcategories&post=54444"},{"taxonomy":"post_tag","embeddable":true,"href":"https:\/\/iknw.pl\/index.php?rest_route=%2Fwp%2Fv2%2Ftags&post=54444"}],"curies":[{"name":"wp","href":"https:\/\/api.w.org\/{rel}","templated":true}]}}