{"id":54462,"date":"2026-03-11T19:50:12","date_gmt":"2026-03-11T17:50:12","guid":{"rendered":"https:\/\/iknw.pl\/?p=54462"},"modified":"2026-03-11T20:45:37","modified_gmt":"2026-03-11T18:45:37","slug":"gliwice-komunikat-o-wycince-drzew-przy-ul-jasnej","status":"publish","type":"post","link":"https:\/\/iknw.pl\/?p=54462","title":{"rendered":"Gliwice: Komunikat o wycince drzew przy ul. Jasnej"},"content":{"rendered":"<p>Miejski Zarz\u0105d Us\u0142ug Komunalnych w ostatnim czasie przeprowadzi\u0142 wycink\u0119 drzew przy ul. Jasnej 31a. Drzewa by\u0142y przeznaczone do usuni\u0119cia ze wzgl\u0119du na z\u0142y stan fitosanitarny.<\/p>\n<p>Jako zarz\u0105dca terenu, MZUK jest zobligowany do podejmowania dzia\u0142a\u0144, maj\u0105cych na celu zapewnienie bezpiecze\u0144stwa jego u\u017cytkownikom. Prace zosta\u0142y wykonane na podstawie decyzji Marsza\u0142ka Wojew\u00f3dztwa \u015al\u0105skiego, a w ramach rekompensaty przyrodniczej planowane s\u0105 nasadzenia zast\u0119pcze. \u017badne z drzew nie zosta\u0142o wyci\u0119te z powodu sadu, kt\u00f3ry powstaje przy ul. Jasnej. Nie planuje si\u0119 r\u00f3wnie\u017c powi\u0119kszenia parkingu w tym miejscu. Zgodnie z koncepcj\u0105 Biura Urbanisty Miasta na terenie zielonym przed fili\u0105 Urz\u0119du Miejskiego przy ul. Jasnej 31a powstaje sad owocowy. Do tej pory posadzono ju\u017c 40 drzew owocowych, a przyb\u0119dzie jeszcze osiem kolejnych. W planach s\u0105 r\u00f3wnie\u017c nasadzenia wi\u0119kszych drzew i monta\u017c element\u00f3w ma\u0142ej architektury. O wycince MZUK poinformowa\u0142 z wyprzedzeniem, umieszczaj\u0105c na drzewach kartki.<\/p>\n<p>Info: Gliwice.eu<br \/>\nfot. profil Fb prezydent Gliwic Katarzyny Kuczy\u0144skiej-Budki<\/p>\n","protected":false},"excerpt":{"rendered":"<p>Miejski Zarz\u0105d Us\u0142ug Komunalnych w ostatnim czasie przeprowadzi\u0142 wycink\u0119 drzew przy ul. Jasnej 31a. Drzewa by\u0142y przeznaczone do usuni\u0119cia ze wzgl\u0119du na z\u0142y stan fitosanitarny. Jako zarz\u0105dca terenu, MZUK jest zobligowany do podejmowania dzia\u0142a\u0144, maj\u0105cych na celu zapewnienie bezpiecze\u0144stwa jego u\u017cytkownikom. Prace zosta\u0142y wykonane na podstawie decyzji Marsza\u0142ka Wojew\u00f3dztwa \u015al\u0105skiego, a w ramach rekompensaty przyrodniczej [&hellip;]<\/p>\n","protected":false},"author":6,"featured_media":54463,"comment_status":"open","ping_status":"open","sticky":false,"template":"","format":"standard","meta":{"footnotes":""},"categories":[49,52],"tags":[94,86,85,156],"class_list":{"0":"post-54462","1":"post","2":"type-post","3":"status-publish","4":"format-standard","5":"has-post-thumbnail","7":"category-gliwice","8":"category-informacje","10":"tag-iknurow-pl","11":"tag-iknw","12":"tag-info"},"_links":{"self":[{"href":"https:\/\/iknw.pl\/index.php?rest_route=\/wp\/v2\/posts\/54462","targetHints":{"allow":["GET"]}}],"collection":[{"href":"https:\/\/iknw.pl\/index.php?rest_route=\/wp\/v2\/posts"}],"about":[{"href":"https:\/\/iknw.pl\/index.php?rest_route=\/wp\/v2\/types\/post"}],"author":[{"embeddable":true,"href":"https:\/\/iknw.pl\/index.php?rest_route=\/wp\/v2\/users\/6"}],"replies":[{"embeddable":true,"href":"https:\/\/iknw.pl\/index.php?rest_route=%2Fwp%2Fv2%2Fcomments&post=54462"}],"version-history":[{"count":2,"href":"https:\/\/iknw.pl\/index.php?rest_route=\/wp\/v2\/posts\/54462\/revisions"}],"predecessor-version":[{"id":54480,"href":"https:\/\/iknw.pl\/index.php?rest_route=\/wp\/v2\/posts\/54462\/revisions\/54480"}],"wp:featuredmedia":[{"embeddable":true,"href":"https:\/\/iknw.pl\/index.php?rest_route=\/wp\/v2\/media\/54463"}],"wp:attachment":[{"href":"https:\/\/iknw.pl\/index.php?rest_route=%2Fwp%2Fv2%2Fmedia&parent=54462"}],"wp:term":[{"taxonomy":"category","embeddable":true,"href":"https:\/\/iknw.pl\/index.php?rest_route=%2Fwp%2Fv2%2Fcategories&post=54462"},{"taxonomy":"post_tag","embeddable":true,"href":"https:\/\/iknw.pl\/index.php?rest_route=%2Fwp%2Fv2%2Ftags&post=54462"}],"curies":[{"name":"wp","href":"https:\/\/api.w.org\/{rel}","templated":true}]}}