{"id":54524,"date":"2026-03-12T09:31:03","date_gmt":"2026-03-12T07:31:03","guid":{"rendered":"https:\/\/iknw.pl\/?p=54524"},"modified":"2026-03-12T09:34:16","modified_gmt":"2026-03-12T07:34:16","slug":"knurow-patrycja-markowska-rozpali-dni-knurowa","status":"publish","type":"post","link":"https:\/\/iknw.pl\/?p=54524","title":{"rendered":"Knur\u00f3w: Patrycja Markowska rozpali Dni Knurowa !"},"content":{"rendered":"<p>Charyzma, rockowy pazur i g\u0142os, kt\u00f3rego nie da si\u0119 pomyli\u0107 z \u017cadnym innym. Kolejn\u0105 artystk\u0105, kt\u00f3ra rozpali publiczno\u015b\u0107 podczas tegorocznych Dni Knurowa, jest Patrycja Markowska!<\/p>\n<p>\u200bTo b\u0119dzie wyj\u0105tkowy rok &#8211; wokalistka \u015bwi\u0119tuje w\u0142a\u015bnie \u0107wier\u0107wiecze pracy artystycznej. Cho\u0107 debiutowa\u0142a albumem \u201eB\u0119d\u0119 silna\u201d 25 lat temu, jej energia sceniczna ani troch\u0119 nie zmala\u0142a. Markowska od lat udowadnia, \u017ce nazwisko to tylko dodatek do ogromnego talentu i tytanicznej pracy. Ma na koncie dziewi\u0119\u0107 album\u00f3w, w tym platynowe i z\u0142ote kr\u0105\u017cki, a jej do\u015bwiadczenie koncertowe (dzieli\u0142a scen\u0119 m.in. z Lennym Kravitzem!) gwarantuje widowisko na najwy\u017cszym poziomie.<\/p>\n<p>Podczas koncertu w Knurowie z pewno\u015bci\u0105 nie zabraknie hit\u00f3w, kt\u00f3re \u015bpiewa ca\u0142a Polska. Us\u0142yszymy legendarny \u201e\u015awiat si\u0119 pomyli\u0142\u201d, energetyczne \u201eJeszcze raz\u201d czy emocjonalne \u201eLustro\u201d.<\/p>\n<p>\u200bZapiszcie dat\u0119: 21 czerwca, park przy ul. Ogana. Patrycja Markowska wyst\u0105pi tu\u017c przed Justyn\u0105 Steczkowsk\u0105, tworz\u0105c niezapomniany, kobiecy fina\u0142 tegorocznego \u015bwi\u0119ta miasta. To b\u0119dzie muzyczne podsumowanie 25-lecia artystki, kt\u00f3rego nie mo\u017cecie przegapi\u0107!<\/p>\n<p>Fot. Materia\u0142y prasowe<\/p>\n","protected":false},"excerpt":{"rendered":"<p>Charyzma, rockowy pazur i g\u0142os, kt\u00f3rego nie da si\u0119 pomyli\u0107 z \u017cadnym innym. Kolejn\u0105 artystk\u0105, kt\u00f3ra rozpali publiczno\u015b\u0107 podczas tegorocznych Dni Knurowa, jest Patrycja Markowska! \u200bTo b\u0119dzie wyj\u0105tkowy rok &#8211; wokalistka \u015bwi\u0119tuje w\u0142a\u015bnie \u0107wier\u0107wiecze pracy artystycznej. Cho\u0107 debiutowa\u0142a albumem \u201eB\u0119d\u0119 silna\u201d 25 lat temu, jej energia sceniczna ani troch\u0119 nie zmala\u0142a. Markowska od lat udowadnia, [&hellip;]<\/p>\n","protected":false},"author":6,"featured_media":54525,"comment_status":"open","ping_status":"open","sticky":false,"template":"","format":"standard","meta":{"footnotes":""},"categories":[52,39,32,31],"tags":[86,85,156],"class_list":{"0":"post-54524","1":"post","2":"type-post","3":"status-publish","4":"format-standard","5":"has-post-thumbnail","8":"category-knurow","9":"category-kultura-i-rozrywka","11":"tag-iknurow-pl","12":"tag-iknw","13":"tag-info"},"_links":{"self":[{"href":"https:\/\/iknw.pl\/index.php?rest_route=\/wp\/v2\/posts\/54524","targetHints":{"allow":["GET"]}}],"collection":[{"href":"https:\/\/iknw.pl\/index.php?rest_route=\/wp\/v2\/posts"}],"about":[{"href":"https:\/\/iknw.pl\/index.php?rest_route=\/wp\/v2\/types\/post"}],"author":[{"embeddable":true,"href":"https:\/\/iknw.pl\/index.php?rest_route=\/wp\/v2\/users\/6"}],"replies":[{"embeddable":true,"href":"https:\/\/iknw.pl\/index.php?rest_route=%2Fwp%2Fv2%2Fcomments&post=54524"}],"version-history":[{"count":1,"href":"https:\/\/iknw.pl\/index.php?rest_route=\/wp\/v2\/posts\/54524\/revisions"}],"predecessor-version":[{"id":54526,"href":"https:\/\/iknw.pl\/index.php?rest_route=\/wp\/v2\/posts\/54524\/revisions\/54526"}],"wp:featuredmedia":[{"embeddable":true,"href":"https:\/\/iknw.pl\/index.php?rest_route=\/wp\/v2\/media\/54525"}],"wp:attachment":[{"href":"https:\/\/iknw.pl\/index.php?rest_route=%2Fwp%2Fv2%2Fmedia&parent=54524"}],"wp:term":[{"taxonomy":"category","embeddable":true,"href":"https:\/\/iknw.pl\/index.php?rest_route=%2Fwp%2Fv2%2Fcategories&post=54524"},{"taxonomy":"post_tag","embeddable":true,"href":"https:\/\/iknw.pl\/index.php?rest_route=%2Fwp%2Fv2%2Ftags&post=54524"}],"curies":[{"name":"wp","href":"https:\/\/api.w.org\/{rel}","templated":true}]}}