{"id":54566,"date":"2026-03-12T18:40:15","date_gmt":"2026-03-12T16:40:15","guid":{"rendered":"https:\/\/iknw.pl\/?p=54566"},"modified":"2026-03-12T18:40:31","modified_gmt":"2026-03-12T16:40:31","slug":"gliwice-wielki-tenis-w-prezero-arenie-gliwice-znamy-sklady-na-mecz-polska-ukraina","status":"publish","type":"post","link":"https:\/\/iknw.pl\/?p=54566","title":{"rendered":"Gliwice: Wielki tenis w PreZero Arenie Gliwice. Znamy sk\u0142ady na mecz Polska &#8211; Ukraina"},"content":{"rendered":"<p>Ju\u017c 10 i 11 kwietnia Gliwice stan\u0105 si\u0119 sercem \u015bwiatowego tenisa. W ramach presti\u017cowych rozgrywek Billie Jean King Cup, reprezentacja Polski powalczy o awans do turnieju fina\u0142owego w Shenzhen. Kapitan Dawid Celt og\u0142osi\u0142 ju\u017c oficjalne zestawienie, kt\u00f3re zainauguruje zmagania na nawierzchni ziemnej w PreZero Arenie.<\/p>\n<p>Polski Zwi\u0105zek Tenisowy (PZT) zg\u0142osi\u0142 do Mi\u0119dzynarodowej Federacji Tenisowej (ITF) silny sk\u0142ad, w kt\u00f3rym liderk\u0105 b\u0119dzie najbardziej do\u015bwiadczona w kadrze Magda Linette (49. WTA). Obok niej o punkty dla bia\u0142o-czerwonych powalcz\u0105 zawodniczki LOTTO PZT Team:<\/p>\n<ul>\n<li>Maja Chwali\u0144ska (134. WTA),<\/li>\n<li>Linda Klimovicova (143. WTA),<\/li>\n<li>Katarzyna Kawa (146. WTA).<\/li>\n<\/ul>\n<p>Nazwisko pi\u0105tej zawodniczki poznamy w p\u00f3\u017aniejszym terminie, a regulamin dopuszcza zmiany w sk\u0142adzie do godziny przed losowaniem.<\/p>\n<p>Zadanie przed Polkami jest niezwykle ambitne, poniewa\u017c reprezentacja Ukrainy przyje\u017cd\u017ca w swoim najmocniejszym zestawieniu. Kibice w Gliwicach b\u0119d\u0105 mogli podziwia\u0107 gwiazd\u0119 \u015bwiatowego formatu \u2013 Elin\u0119 Switolin\u0119 (9. WTA). Sk\u0142ad go\u015bci uzupe\u0142niaj\u0105:<\/p>\n<ul>\n<li>Marta Kostjuk (28. WTA),<\/li>\n<li>O\u0142eksandra Olijnykowa (73. WTA),<\/li>\n<li>Nadija Kiczenok oraz Ljudmi\u0142a Kiczenok (specjalistki od gry podw\u00f3jnej).<\/li>\n<\/ul>\n<p>To historyczny debiut wielkiego tenisa w 12-tysi\u0119cznej PreZero Arenie Gliwice. Sprzeda\u017c bilet\u00f3w ju\u017c trwa &#8211; dost\u0119pne s\u0105 zar\u00f3wno wej\u015bci\u00f3wki jednodniowe, jak i karnety:<\/p>\n<p>&#8211; Pi\u0105tek (10 kwietnia): start mecz\u00f3w o godz. 16:00.<\/p>\n<p>&#8211; Sobota (11 kwietnia): start mecz\u00f3w o godz. 12:00.<\/p>\n<p>Bilety mo\u017cna naby\u0107 w serwisie <a href=\"https:\/\/l.facebook.com\/l.php?u=http%3A%2F%2FeBilet.pl%2F%3Ffbclid%3DIwZXh0bgNhZW0CMTAAYnJpZBEwV2hJQ281RU8xbEJLTmcxVHNydGMGYXBwX2lkEDIyMjAzOTE3ODgyMDA4OTIAAR6KbgUlu8Vc_HBDrOmiGU0sRQkej3CAh03qJHMTOfB_q4ZN98XB8oTvoFUWxA_aem_hArkI2NBllY6USSY2F1zEQ&amp;h=AT7oi4hkEYxFWiDQcSyB71Kl0rsXsiNSr-uHHsh_HAhzjNr9dCkK8wSDCI92oc7DVWFptGkkhcfp8078H9nOkTI5FkNmnO_8aw5lIC0zaEvDOTrO1k71KH4n5a_bdvQR3VpPm0A6d4y2ltq8qHz2nmSQll8Tl0Bd&amp;__tn__=-UK-R&amp;c%5b0%5d=AT73Dl6hbe10e5SjC9-prWsEYNCsHcWSX3rl2XVgwGh9QAJEx5EFG_kS94OzoBD3cgq4AyrWxlLSm5OOzbIGaJM4AW3RoqiDiIqeKoo2y1ZaslrfoW8jPfu7U0oxCG8rxwoO1NTRRNFf6HRL-HJoPbPW-aXBvCARBL14lWvHXSzLdBEca4S4o9f-aAB3n14\">eBilet.pl.<\/a> Stawka jest wysoka &#8211; od 2025 roku zasady awansu s\u0105 jeszcze surowsze, a do fina\u0142owej elity trafi tylko osiem najlepszych dru\u017cyn globu.<\/p>\n","protected":false},"excerpt":{"rendered":"<p>Ju\u017c 10 i 11 kwietnia Gliwice stan\u0105 si\u0119 sercem \u015bwiatowego tenisa. W ramach presti\u017cowych rozgrywek Billie Jean King Cup, reprezentacja Polski powalczy o awans do turnieju fina\u0142owego w Shenzhen. Kapitan Dawid Celt og\u0142osi\u0142 ju\u017c oficjalne zestawienie, kt\u00f3re zainauguruje zmagania na nawierzchni ziemnej w PreZero Arenie. Polski Zwi\u0105zek Tenisowy (PZT) zg\u0142osi\u0142 do Mi\u0119dzynarodowej Federacji Tenisowej (ITF) [&hellip;]<\/p>\n","protected":false},"author":6,"featured_media":54567,"comment_status":"open","ping_status":"open","sticky":false,"template":"","format":"standard","meta":{"footnotes":""},"categories":[49,52,56],"tags":[86,85,156,159],"class_list":{"0":"post-54566","1":"post","2":"type-post","3":"status-publish","4":"format-standard","5":"has-post-thumbnail","7":"category-gliwice","8":"category-informacje","10":"tag-iknurow-pl","11":"tag-iknw","12":"tag-info","13":"tag-prezero-arena-gliwice"},"_links":{"self":[{"href":"https:\/\/iknw.pl\/index.php?rest_route=\/wp\/v2\/posts\/54566","targetHints":{"allow":["GET"]}}],"collection":[{"href":"https:\/\/iknw.pl\/index.php?rest_route=\/wp\/v2\/posts"}],"about":[{"href":"https:\/\/iknw.pl\/index.php?rest_route=\/wp\/v2\/types\/post"}],"author":[{"embeddable":true,"href":"https:\/\/iknw.pl\/index.php?rest_route=\/wp\/v2\/users\/6"}],"replies":[{"embeddable":true,"href":"https:\/\/iknw.pl\/index.php?rest_route=%2Fwp%2Fv2%2Fcomments&post=54566"}],"version-history":[{"count":2,"href":"https:\/\/iknw.pl\/index.php?rest_route=\/wp\/v2\/posts\/54566\/revisions"}],"predecessor-version":[{"id":54569,"href":"https:\/\/iknw.pl\/index.php?rest_route=\/wp\/v2\/posts\/54566\/revisions\/54569"}],"wp:featuredmedia":[{"embeddable":true,"href":"https:\/\/iknw.pl\/index.php?rest_route=\/wp\/v2\/media\/54567"}],"wp:attachment":[{"href":"https:\/\/iknw.pl\/index.php?rest_route=%2Fwp%2Fv2%2Fmedia&parent=54566"}],"wp:term":[{"taxonomy":"category","embeddable":true,"href":"https:\/\/iknw.pl\/index.php?rest_route=%2Fwp%2Fv2%2Fcategories&post=54566"},{"taxonomy":"post_tag","embeddable":true,"href":"https:\/\/iknw.pl\/index.php?rest_route=%2Fwp%2Fv2%2Ftags&post=54566"}],"curies":[{"name":"wp","href":"https:\/\/api.w.org\/{rel}","templated":true}]}}