{"id":54579,"date":"2026-03-13T11:56:52","date_gmt":"2026-03-13T09:56:52","guid":{"rendered":"https:\/\/iknw.pl\/?p=54579"},"modified":"2026-03-13T11:56:52","modified_gmt":"2026-03-13T09:56:52","slug":"gliwice-zatrzymany-za-znecanie-sie-nad-zona","status":"publish","type":"post","link":"https:\/\/iknw.pl\/?p=54579","title":{"rendered":"Gliwice: Zatrzymany za zn\u0119canie si\u0119 nad \u017con\u0105"},"content":{"rendered":"<p><strong>Policjanci z Komisariatu Policji II w Gliwicach zatrzymali 34-letniego m\u0119\u017cczyzn\u0119 podejrzanego o zn\u0119canie si\u0119 psychiczne i fizyczne nad swoj\u0105 \u017con\u0105. Do zdarze\u0144 mia\u0142o dochodzi\u0107 w mieszkaniu na terenie Gliwic. M\u0119\u017cczyzna zosta\u0142 osadzony w pomieszczeniu dla os\u00f3b zatrzymanych. Decyzj\u0105 prokuratora zastosowano wobec niego \u015brodki zapobiegawcze w postaci dozoru, nakazu opuszczenia lokalu zajmowanego wsp\u00f3lnie z pokrzywdzon\u0105 oraz zakazu zbli\u017cania si\u0119 do niej.<\/strong><\/p>\n<p>Policjanci z Komisariatu Policji II w Gliwicach prowadz\u0105 post\u0119powanie w sprawie przemocy domowej, kt\u00f3rej mia\u0142 dopu\u015bci\u0107 si\u0119 34-letni m\u0119\u017cczyzna wobec swojej \u017cony. Z ustale\u0144 mundurowych wynika, \u017ce do przemocy psychicznej i fizycznej mia\u0142o dochodzi\u0107 w miejscu zamieszkania ma\u0142\u017conk\u00f3w na terenie Gliwic od pocz\u0105tku ubieg\u0142ego roku.<\/p>\n<p>Po uzyskaniu informacji o mo\u017cliwej przemocy policjanci podj\u0119li interwencj\u0119 w tej sprawie, przyj\u0119li zawiadomienie oraz przeprowadzili niezb\u0119dne czynno\u015bci procesowe. <\/p>\n<p>M\u0119\u017cczyzna zosta\u0142 zatrzymany w miejscu zamieszkania i osadzony w pomieszczeniu dla os\u00f3b zatrzymanych. O sprawie powiadomiono Prokuratur\u0119 Rejonow\u0105 w Gliwicach. Decyzj\u0105 prokuratora wobec 34-latka zastosowano \u015brodki zapobiegawcze w postaci dozory policyjnego, nakazu opuszczenia lokalu mieszkalnego zajmowanego wsp\u00f3lnie z pokrzywdzon\u0105 oraz zakazu zbli\u017cania si\u0119 do niej.<\/p>\n<p>Za zn\u0119canie si\u0119 nad osob\u0105 najbli\u017csz\u0105 grozi kara do 5 lat pozbawienia wolno\u015bci.<\/p>\n<p>Przemoc w rodzinie bardzo cz\u0119sto rozgrywa si\u0119 za zamkni\u0119tymi drzwiami mieszka\u0144. Dlatego tak wa\u017cna jest reakcja otoczenia \u2013 s\u0105siad\u00f3w, znajomych czy cz\u0142onk\u00f3w rodziny. Ka\u017cdy sygna\u0142 o mo\u017cliwej przemocy jest dla policjant\u00f3w podstaw\u0105 do podj\u0119cia dzia\u0142a\u0144 i sprawdzenia sytuacji. W przypadku podejrzenia przemocy nale\u017cy niezw\u0142ocznie powiadomi\u0107 Policj\u0119, dzwoni\u0105c pod numer alarmowy 112. Nasza reakcja mo\u017ce pom\u00f3c osobie pokrzywdzonej przerwa\u0107 spiral\u0119 przemocy.<\/p>\n<p>Info: KMP Gliwice<\/p>\n<div id='gallery-1' class='gallery galleryid-54579 gallery-columns-3 gallery-size-thumbnail'><figure class='gallery-item'>\n\t\t\t<div class='gallery-icon landscape'>\n\t\t\t\t<a href='https:\/\/iknw.pl\/?attachment_id=54580'><img loading=\"lazy\" decoding=\"async\" width=\"150\" height=\"150\" src=\"https:\/\/iknw.pl\/wp-content\/uploads\/2026\/03\/44-925619-150x150.jpg\" class=\"attachment-thumbnail size-thumbnail\" alt=\"\" \/><\/a>\n\t\t\t<\/div><\/figure><figure class='gallery-item'>\n\t\t\t<div class='gallery-icon landscape'>\n\t\t\t\t<a href='https:\/\/iknw.pl\/?attachment_id=54581'><img loading=\"lazy\" decoding=\"async\" width=\"150\" height=\"150\" src=\"https:\/\/iknw.pl\/wp-content\/uploads\/2026\/03\/44-925620-150x150.jpg\" class=\"attachment-thumbnail size-thumbnail\" alt=\"\" \/><\/a>\n\t\t\t<\/div><\/figure><figure class='gallery-item'>\n\t\t\t<div class='gallery-icon landscape'>\n\t\t\t\t<a href='https:\/\/iknw.pl\/?attachment_id=54582'><img loading=\"lazy\" decoding=\"async\" width=\"150\" height=\"150\" src=\"https:\/\/iknw.pl\/wp-content\/uploads\/2026\/03\/44-925621-150x150.jpg\" class=\"attachment-thumbnail size-thumbnail\" alt=\"\" \/><\/a>\n\t\t\t<\/div><\/figure><figure class='gallery-item'>\n\t\t\t<div class='gallery-icon landscape'>\n\t\t\t\t<a href='https:\/\/iknw.pl\/?attachment_id=54583'><img loading=\"lazy\" decoding=\"async\" width=\"150\" height=\"150\" src=\"https:\/\/iknw.pl\/wp-content\/uploads\/2026\/03\/44-925624-150x150.jpg\" class=\"attachment-thumbnail size-thumbnail\" alt=\"\" \/><\/a>\n\t\t\t<\/div><\/figure><figure class='gallery-item'>\n\t\t\t<div class='gallery-icon landscape'>\n\t\t\t\t<a href='https:\/\/iknw.pl\/?attachment_id=54584'><img loading=\"lazy\" decoding=\"async\" width=\"150\" height=\"150\" src=\"https:\/\/iknw.pl\/wp-content\/uploads\/2026\/03\/44-925625-150x150.jpg\" class=\"attachment-thumbnail size-thumbnail\" alt=\"\" \/><\/a>\n\t\t\t<\/div><\/figure><figure class='gallery-item'>\n\t\t\t<div class='gallery-icon landscape'>\n\t\t\t\t<a href='https:\/\/iknw.pl\/?attachment_id=54585'><img loading=\"lazy\" decoding=\"async\" width=\"150\" height=\"150\" src=\"https:\/\/iknw.pl\/wp-content\/uploads\/2026\/03\/44-925622-150x150.jpg\" class=\"attachment-thumbnail size-thumbnail\" alt=\"\" \/><\/a>\n\t\t\t<\/div><\/figure>\n\t\t<\/div>\n\n","protected":false},"excerpt":{"rendered":"<p>Policjanci z Komisariatu Policji II w Gliwicach zatrzymali 34-letniego m\u0119\u017cczyzn\u0119 podejrzanego o zn\u0119canie si\u0119 psychiczne i fizyczne nad swoj\u0105 \u017con\u0105. Do zdarze\u0144 mia\u0142o dochodzi\u0107 w mieszkaniu na terenie Gliwic. M\u0119\u017cczyzna zosta\u0142 osadzony w pomieszczeniu dla os\u00f3b zatrzymanych. Decyzj\u0105 prokuratora zastosowano wobec niego \u015brodki zapobiegawcze w postaci dozoru, nakazu opuszczenia lokalu zajmowanego wsp\u00f3lnie z pokrzywdzon\u0105 oraz [&hellip;]<\/p>\n","protected":false},"author":6,"featured_media":54584,"comment_status":"open","ping_status":"open","sticky":false,"template":"","format":"standard","meta":{"footnotes":""},"categories":[49,46],"tags":[86,85,426],"class_list":{"0":"post-54579","1":"post","2":"type-post","3":"status-publish","4":"format-standard","5":"has-post-thumbnail","7":"category-gliwice","9":"tag-iknurow-pl","10":"tag-iknw","11":"tag-kmp-glwice"},"_links":{"self":[{"href":"https:\/\/iknw.pl\/index.php?rest_route=\/wp\/v2\/posts\/54579","targetHints":{"allow":["GET"]}}],"collection":[{"href":"https:\/\/iknw.pl\/index.php?rest_route=\/wp\/v2\/posts"}],"about":[{"href":"https:\/\/iknw.pl\/index.php?rest_route=\/wp\/v2\/types\/post"}],"author":[{"embeddable":true,"href":"https:\/\/iknw.pl\/index.php?rest_route=\/wp\/v2\/users\/6"}],"replies":[{"embeddable":true,"href":"https:\/\/iknw.pl\/index.php?rest_route=%2Fwp%2Fv2%2Fcomments&post=54579"}],"version-history":[{"count":1,"href":"https:\/\/iknw.pl\/index.php?rest_route=\/wp\/v2\/posts\/54579\/revisions"}],"predecessor-version":[{"id":54586,"href":"https:\/\/iknw.pl\/index.php?rest_route=\/wp\/v2\/posts\/54579\/revisions\/54586"}],"wp:featuredmedia":[{"embeddable":true,"href":"https:\/\/iknw.pl\/index.php?rest_route=\/wp\/v2\/media\/54584"}],"wp:attachment":[{"href":"https:\/\/iknw.pl\/index.php?rest_route=%2Fwp%2Fv2%2Fmedia&parent=54579"}],"wp:term":[{"taxonomy":"category","embeddable":true,"href":"https:\/\/iknw.pl\/index.php?rest_route=%2Fwp%2Fv2%2Fcategories&post=54579"},{"taxonomy":"post_tag","embeddable":true,"href":"https:\/\/iknw.pl\/index.php?rest_route=%2Fwp%2Fv2%2Ftags&post=54579"}],"curies":[{"name":"wp","href":"https:\/\/api.w.org\/{rel}","templated":true}]}}