{"id":54587,"date":"2026-03-13T12:04:17","date_gmt":"2026-03-13T10:04:17","guid":{"rendered":"https:\/\/iknw.pl\/?p=54587"},"modified":"2026-03-13T12:04:17","modified_gmt":"2026-03-13T10:04:17","slug":"pilchowice-utrudnienia-w-centrum-pilchowic-weekendowe-zamkniecie-dw-921","status":"publish","type":"post","link":"https:\/\/iknw.pl\/?p=54587","title":{"rendered":"Pilchowice: Utrudnienia w centrum Pilchowic- weekendowe zamkni\u0119cie DW 921"},"content":{"rendered":"<p>W najbli\u017cszy weekend kierowcy poruszaj\u0105cy si\u0119 drog\u0105 wojew\u00f3dzk\u0105 nr 921 na terenie Gminy Pilchowice musz\u0105 przygotowa\u0107 si\u0119 na powa\u017cne zmiany w organizacji ruchu. <\/p>\n<p>W zwi\u0105zku z realizacj\u0105 drugiego etapu przebudowy trasy, firma COLAS Polska &#8211; lider konsorcjum odpowiedzialnego za inwestycj\u0119 &#8211; przyst\u0119puje do przedostatniego etapu prac asfaltowych. Roboty te wymagaj\u0105 ca\u0142kowitego wy\u0142\u0105czenia jezdni z u\u017cytkowania, co wp\u0142ynie zar\u00f3wno na ruch tranzytowy, jak i lokalny.<\/p>\n<p>\u200bG\u0142\u00f3wne utrudnienia rozpoczn\u0105 si\u0119 w sobot\u0119, 21 marca, o godzinie 7:00 i potrwaj\u0105 nieprzerwanie do niedzieli, 22 marca, do godziny 20:00. W tym czasie zamkni\u0119ta zostanie ca\u0142a szeroko\u015b\u0107 jezdni DW 921 na odcinku przebiegaj\u0105cym przez centrum Pilchowic, zgodnie z zatwierdzonym schematem organizacji ruchu. <\/p>\n<p>Prace wp\u0142yn\u0105 r\u00f3wnie\u017c znacz\u0105co na funkcjonowanie komunikacji zbiorowej, poniewa\u017c autobusy linii M104 nie b\u0119d\u0105 obs\u0142ugiwa\u0142y odcinka pomi\u0119dzy Centrami Przesiadkowymi w Wilczy i Stanicy.<\/p>\n<p>\u200bWarto zachowa\u0107 szczeg\u00f3ln\u0105 czujno\u015b\u0107 ju\u017c w pi\u0105tek, 20 marca, kiedy to prowadzone b\u0119d\u0105 intensywne prace przygotowawcze. Polega\u0107 one b\u0119d\u0105 na skrapianiu nawierzchni emulsj\u0105 asfaltow\u0105, co wymusi wprowadzenie r\u0119cznego kierowania ruchem przez pracownik\u00f3w budowy. <\/p>\n<p>Apelujemy do wszystkich uczestnik\u00f3w ruchu o zachowanie szczeg\u00f3lnej ostro\u017cno\u015bci, cierpliwo\u015b\u0107 oraz bezwzgl\u0119dne stosowanie si\u0119 do tymczasowego oznakowania.<\/p>\n","protected":false},"excerpt":{"rendered":"<p>W najbli\u017cszy weekend kierowcy poruszaj\u0105cy si\u0119 drog\u0105 wojew\u00f3dzk\u0105 nr 921 na terenie Gminy Pilchowice musz\u0105 przygotowa\u0107 si\u0119 na powa\u017cne zmiany w organizacji ruchu. W zwi\u0105zku z realizacj\u0105 drugiego etapu przebudowy trasy, firma COLAS Polska &#8211; lider konsorcjum odpowiedzialnego za inwestycj\u0119 &#8211; przyst\u0119puje do przedostatniego etapu prac asfaltowych. Roboty te wymagaj\u0105 ca\u0142kowitego wy\u0142\u0105czenia jezdni z u\u017cytkowania, [&hellip;]<\/p>\n","protected":false},"author":6,"featured_media":54588,"comment_status":"open","ping_status":"open","sticky":false,"template":"","format":"standard","meta":{"footnotes":""},"categories":[52,42],"tags":[86,89,156,98],"class_list":{"0":"post-54587","1":"post","2":"type-post","3":"status-publish","4":"format-standard","5":"has-post-thumbnail","7":"category-informacje","9":"tag-iknurow-pl","10":"tag-iknw-pl","11":"tag-info","12":"tag-pilchowice"},"_links":{"self":[{"href":"https:\/\/iknw.pl\/index.php?rest_route=\/wp\/v2\/posts\/54587","targetHints":{"allow":["GET"]}}],"collection":[{"href":"https:\/\/iknw.pl\/index.php?rest_route=\/wp\/v2\/posts"}],"about":[{"href":"https:\/\/iknw.pl\/index.php?rest_route=\/wp\/v2\/types\/post"}],"author":[{"embeddable":true,"href":"https:\/\/iknw.pl\/index.php?rest_route=\/wp\/v2\/users\/6"}],"replies":[{"embeddable":true,"href":"https:\/\/iknw.pl\/index.php?rest_route=%2Fwp%2Fv2%2Fcomments&post=54587"}],"version-history":[{"count":1,"href":"https:\/\/iknw.pl\/index.php?rest_route=\/wp\/v2\/posts\/54587\/revisions"}],"predecessor-version":[{"id":54589,"href":"https:\/\/iknw.pl\/index.php?rest_route=\/wp\/v2\/posts\/54587\/revisions\/54589"}],"wp:featuredmedia":[{"embeddable":true,"href":"https:\/\/iknw.pl\/index.php?rest_route=\/wp\/v2\/media\/54588"}],"wp:attachment":[{"href":"https:\/\/iknw.pl\/index.php?rest_route=%2Fwp%2Fv2%2Fmedia&parent=54587"}],"wp:term":[{"taxonomy":"category","embeddable":true,"href":"https:\/\/iknw.pl\/index.php?rest_route=%2Fwp%2Fv2%2Fcategories&post=54587"},{"taxonomy":"post_tag","embeddable":true,"href":"https:\/\/iknw.pl\/index.php?rest_route=%2Fwp%2Fv2%2Ftags&post=54587"}],"curies":[{"name":"wp","href":"https:\/\/api.w.org\/{rel}","templated":true}]}}