{"id":54867,"date":"2026-03-17T22:22:33","date_gmt":"2026-03-17T20:22:33","guid":{"rendered":"https:\/\/iknw.pl\/?p=54867"},"modified":"2026-03-17T22:22:33","modified_gmt":"2026-03-17T20:22:33","slug":"gliwice-dwa-place-zabaw-zyskaja-zagle-zacieniajace","status":"publish","type":"post","link":"https:\/\/iknw.pl\/?p=54867","title":{"rendered":"Gliwice: Dwa place zabaw zyskaj\u0105 \u017cagle zacieniaj\u0105ce"},"content":{"rendered":"<p><strong>Zbli\u017ca si\u0119 sezon zabawy na \u015bwie\u017cym powietrzu, coraz wi\u0119cej dzieci korzysta z plac\u00f3w zabaw. Po intensywnej zabawie z pewno\u015bci\u0105 ch\u0119tnie do\u0142\u0105cz\u0105 do swoich opiekun\u00f3w, by odpocz\u0105\u0107 na \u0142awce. Aby w przysz\u0142o\u015bci chroni\u0107 je przed coraz mocniejszym s\u0142o\u0144cem, w So\u015bnicy i Brzezince zamontowane zostan\u0105 specjalne \u017cagle zacieniaj\u0105ce.\u00a0<\/strong><\/p>\n<p>Miejski Zarz\u0105d Us\u0142ug Komunalnych w Gliwicach og\u0142osi\u0142 przetarg na zaprojektowanie i budow\u0119 system\u00f3w \u017cagli przeciws\u0142onecznych na dw\u00f3ch miejskich placach zabaw.<\/p>\n<p>\u2013\u00a0<em>Nowe rozwi\u0105zania maj\u0105 sprawi\u0107, \u017ce place zabaw b\u0119d\u0105 bardziej przyjazne i funkcjonalne przez ca\u0142y sezon letni \u2013 nie tylko jako miejsca zabawy, ale r\u00f3wnie\u017c odpoczynku. Powstan\u0105 zacienione miejsca, kt\u00f3re zapewni\u0105 ochron\u0119 przed nadmiernym promieniowaniem UV, zar\u00f3wno dzieciom, jak i ich opiekunom\u00a0<\/em>\u2013 informuje Miejski Zarz\u0105d Us\u0142ug Komunalnych w Gliwicach.<\/p>\n<p>Zam\u00f3wienie obejmuje przygotowanie dokumentacji projektowej oraz realizacj\u0119 prac budowlanych w formule \u201ezaprojektuj i wybuduj\u201d z podzia\u0142em na dwie cz\u0119\u015bci. Systemy \u017cagli przeciws\u0142onecznych zostan\u0105 zamontowane nad \u0142awkami na placach zabaw: przy ul. Dzionkarzy w So\u015bnicy oraz pomi\u0119dzy ul. \u0141\u00f3dzk\u0105 i Gnie\u017anie\u0144sk\u0105 w Brzezince. Wykonana zostanie te\u017c niezb\u0119dna infrastruktura towarzysz\u0105ca, dostosowana do warunk\u00f3w i potrzeb ka\u017cdej z lokalizacji.<\/p>\n<p>Oferty w post\u0119powaniu mo\u017cna sk\u0142ada\u0107 do 1 kwietnia.<\/p>\n<p>info: gliwice.eu\/ MZUK<\/p>\n<div id='gallery-1' class='gallery galleryid-54867 gallery-columns-2 gallery-size-large'><figure class='gallery-item'>\n\t\t\t<div class='gallery-icon portrait'>\n\t\t\t\t<a href='https:\/\/iknw.pl\/?attachment_id=54869'><img loading=\"lazy\" decoding=\"async\" width=\"696\" height=\"984\" src=\"https:\/\/iknw.pl\/wp-content\/uploads\/2026\/03\/Mapa_Dzionkarzy-724x1024.png\" class=\"attachment-large size-large\" alt=\"\" aria-describedby=\"gallery-1-54869\" srcset=\"https:\/\/iknw.pl\/wp-content\/uploads\/2026\/03\/Mapa_Dzionkarzy-724x1024.png 724w, https:\/\/iknw.pl\/wp-content\/uploads\/2026\/03\/Mapa_Dzionkarzy-212x300.png 212w, https:\/\/iknw.pl\/wp-content\/uploads\/2026\/03\/Mapa_Dzionkarzy-768x1086.png 768w, https:\/\/iknw.pl\/wp-content\/uploads\/2026\/03\/Mapa_Dzionkarzy-1086x1536.png 1086w, https:\/\/iknw.pl\/wp-content\/uploads\/2026\/03\/Mapa_Dzionkarzy-297x420.png 297w, https:\/\/iknw.pl\/wp-content\/uploads\/2026\/03\/Mapa_Dzionkarzy-696x985.png 696w, https:\/\/iknw.pl\/wp-content\/uploads\/2026\/03\/Mapa_Dzionkarzy-1068x1511.png 1068w, https:\/\/iknw.pl\/wp-content\/uploads\/2026\/03\/Mapa_Dzionkarzy.png 1240w\" sizes=\"auto, (max-width: 696px) 100vw, 696px\" \/><\/a>\n\t\t\t<\/div>\n\t\t\t\t<figcaption class='wp-caption-text gallery-caption' id='gallery-1-54869'>\n\t\t\t\tBrzezinka. Fot. materia\u0142y MZUK\n\t\t\t\t<\/figcaption><\/figure>\n\t\t<\/div>\n\n","protected":false},"excerpt":{"rendered":"<p>Zbli\u017ca si\u0119 sezon zabawy na \u015bwie\u017cym powietrzu, coraz wi\u0119cej dzieci korzysta z plac\u00f3w zabaw. Po intensywnej zabawie z pewno\u015bci\u0105 ch\u0119tnie do\u0142\u0105cz\u0105 do swoich opiekun\u00f3w, by odpocz\u0105\u0107 na \u0142awce. Aby w przysz\u0142o\u015bci chroni\u0107 je przed coraz mocniejszym s\u0142o\u0144cem, w So\u015bnicy i Brzezince zamontowane zostan\u0105 specjalne \u017cagle zacieniaj\u0105ce.\u00a0 Miejski Zarz\u0105d Us\u0142ug Komunalnych w Gliwicach og\u0142osi\u0142 przetarg na [&hellip;]<\/p>\n","protected":false},"author":6,"featured_media":54868,"comment_status":"open","ping_status":"open","sticky":false,"template":"","format":"standard","meta":{"footnotes":""},"categories":[49,52],"tags":[94,86,85,156,457],"class_list":{"0":"post-54867","1":"post","2":"type-post","3":"status-publish","4":"format-standard","5":"has-post-thumbnail","7":"category-gliwice","8":"category-informacje","10":"tag-iknurow-pl","11":"tag-iknw","12":"tag-info","13":"tag-mzuk-gliwice"},"_links":{"self":[{"href":"https:\/\/iknw.pl\/index.php?rest_route=\/wp\/v2\/posts\/54867","targetHints":{"allow":["GET"]}}],"collection":[{"href":"https:\/\/iknw.pl\/index.php?rest_route=\/wp\/v2\/posts"}],"about":[{"href":"https:\/\/iknw.pl\/index.php?rest_route=\/wp\/v2\/types\/post"}],"author":[{"embeddable":true,"href":"https:\/\/iknw.pl\/index.php?rest_route=\/wp\/v2\/users\/6"}],"replies":[{"embeddable":true,"href":"https:\/\/iknw.pl\/index.php?rest_route=%2Fwp%2Fv2%2Fcomments&post=54867"}],"version-history":[{"count":1,"href":"https:\/\/iknw.pl\/index.php?rest_route=\/wp\/v2\/posts\/54867\/revisions"}],"predecessor-version":[{"id":54870,"href":"https:\/\/iknw.pl\/index.php?rest_route=\/wp\/v2\/posts\/54867\/revisions\/54870"}],"wp:featuredmedia":[{"embeddable":true,"href":"https:\/\/iknw.pl\/index.php?rest_route=\/wp\/v2\/media\/54868"}],"wp:attachment":[{"href":"https:\/\/iknw.pl\/index.php?rest_route=%2Fwp%2Fv2%2Fmedia&parent=54867"}],"wp:term":[{"taxonomy":"category","embeddable":true,"href":"https:\/\/iknw.pl\/index.php?rest_route=%2Fwp%2Fv2%2Fcategories&post=54867"},{"taxonomy":"post_tag","embeddable":true,"href":"https:\/\/iknw.pl\/index.php?rest_route=%2Fwp%2Fv2%2Ftags&post=54867"}],"curies":[{"name":"wp","href":"https:\/\/api.w.org\/{rel}","templated":true}]}}