{"id":54880,"date":"2026-03-18T12:18:25","date_gmt":"2026-03-18T10:18:25","guid":{"rendered":"https:\/\/iknw.pl\/?p=54880"},"modified":"2026-03-18T12:18:25","modified_gmt":"2026-03-18T10:18:25","slug":"gliwice-czas-na-jarmark-wielkanocny","status":"publish","type":"post","link":"https:\/\/iknw.pl\/?p=54880","title":{"rendered":"Gliwice: Czas na Jarmark Wielkanocny"},"content":{"rendered":"<p>Poczuj magi\u0119 nadchodz\u0105cej wiosny na gliwickim Rynku! Mi\u0119dzy 20 a 29 marca zapraszamy na wydarzenie, kt\u00f3re \u0142\u0105czy lokaln\u0105 tradycj\u0119 z radosn\u0105 celebracj\u0105 marca. <\/p>\n<p>W\u015br\u00f3d aromatu regionalnych przysmak\u00f3w i blasku kolorowych ozd\u00f3b, ka\u017cdy znajdzie co\u015b dla siebie &#8211; od domowych \u0142akoci po autentyczne wyroby artystyczne.<\/p>\n<p>\u200bNie przegap okazji na pami\u0105tkowe zdj\u0119cie z wielkanocnym zaj\u0105czkiem i odbierz sw\u00f3j symbol wiosny &#8211; s\u0142onecznego \u017conkila. <\/p>\n<p>Sp\u0119d\u017a ten czas z rodzin\u0105, wsp\u00f3lnie celebruj\u0105c powr\u00f3t ciep\u0142ych dni w najpi\u0119kniejszym punkcie miasta.<\/p>\n","protected":false},"excerpt":{"rendered":"<p>Poczuj magi\u0119 nadchodz\u0105cej wiosny na gliwickim Rynku! Mi\u0119dzy 20 a 29 marca zapraszamy na wydarzenie, kt\u00f3re \u0142\u0105czy lokaln\u0105 tradycj\u0119 z radosn\u0105 celebracj\u0105 marca. W\u015br\u00f3d aromatu regionalnych przysmak\u00f3w i blasku kolorowych ozd\u00f3b, ka\u017cdy znajdzie co\u015b dla siebie &#8211; od domowych \u0142akoci po autentyczne wyroby artystyczne. \u200bNie przegap okazji na pami\u0105tkowe zdj\u0119cie z wielkanocnym zaj\u0105czkiem i odbierz [&hellip;]<\/p>\n","protected":false},"author":6,"featured_media":54881,"comment_status":"open","ping_status":"open","sticky":false,"template":"","format":"standard","meta":{"footnotes":""},"categories":[49,52],"tags":[94,86,85,156],"class_list":{"0":"post-54880","1":"post","2":"type-post","3":"status-publish","4":"format-standard","5":"has-post-thumbnail","7":"category-gliwice","8":"category-informacje","10":"tag-iknurow-pl","11":"tag-iknw","12":"tag-info"},"_links":{"self":[{"href":"https:\/\/iknw.pl\/index.php?rest_route=\/wp\/v2\/posts\/54880","targetHints":{"allow":["GET"]}}],"collection":[{"href":"https:\/\/iknw.pl\/index.php?rest_route=\/wp\/v2\/posts"}],"about":[{"href":"https:\/\/iknw.pl\/index.php?rest_route=\/wp\/v2\/types\/post"}],"author":[{"embeddable":true,"href":"https:\/\/iknw.pl\/index.php?rest_route=\/wp\/v2\/users\/6"}],"replies":[{"embeddable":true,"href":"https:\/\/iknw.pl\/index.php?rest_route=%2Fwp%2Fv2%2Fcomments&post=54880"}],"version-history":[{"count":1,"href":"https:\/\/iknw.pl\/index.php?rest_route=\/wp\/v2\/posts\/54880\/revisions"}],"predecessor-version":[{"id":54882,"href":"https:\/\/iknw.pl\/index.php?rest_route=\/wp\/v2\/posts\/54880\/revisions\/54882"}],"wp:featuredmedia":[{"embeddable":true,"href":"https:\/\/iknw.pl\/index.php?rest_route=\/wp\/v2\/media\/54881"}],"wp:attachment":[{"href":"https:\/\/iknw.pl\/index.php?rest_route=%2Fwp%2Fv2%2Fmedia&parent=54880"}],"wp:term":[{"taxonomy":"category","embeddable":true,"href":"https:\/\/iknw.pl\/index.php?rest_route=%2Fwp%2Fv2%2Fcategories&post=54880"},{"taxonomy":"post_tag","embeddable":true,"href":"https:\/\/iknw.pl\/index.php?rest_route=%2Fwp%2Fv2%2Ftags&post=54880"}],"curies":[{"name":"wp","href":"https:\/\/api.w.org\/{rel}","templated":true}]}}