{"id":54925,"date":"2026-03-18T13:53:53","date_gmt":"2026-03-18T11:53:53","guid":{"rendered":"https:\/\/iknw.pl\/?p=54925"},"modified":"2026-03-18T13:53:53","modified_gmt":"2026-03-18T11:53:53","slug":"gliwice-szyb-bojkow-zmieni-sie-w-nowoczesne-centrum-serwisowe-kolei-slaskich","status":"publish","type":"post","link":"https:\/\/iknw.pl\/?p=54925","title":{"rendered":"Gliwice: \u200bSzyb Bojk\u00f3w zmieni si\u0119 w nowoczesne centrum serwisowe Kolei \u015al\u0105skich"},"content":{"rendered":"<p>Tereny po dawnej kopalni zyskaj\u0105 druge \u017cycie. Koleje \u015al\u0105skie oficjalnie sfinalizowa\u0142y zakup grunt\u00f3w od Polskiej Grupy G\u00f3rniczej, co otwiera drog\u0119 do budowy jednej z najnowocze\u015bniejszych baz serwisowych w regionie.<\/p>\n<p>\u200bInwestycja w Gliwicach to milowy krok w stron\u0119 niezawodno\u015bci regionalnego transportu. Nowe centrum skr\u00f3ci czas przegl\u0105d\u00f3w i napraw poci\u0105g\u00f3w, co bezpo\u015brednio prze\u0142o\u017cy si\u0119 na punktualno\u015b\u0107 po\u0142\u0105cze\u0144 w ca\u0142ej Metropolii. Projekt ma te\u017c wymiar symboliczny &#8211; tam, gdzie kiedy\u015b wydobywano w\u0119giel, teraz powstanie zaplecze dla \u201ezielonej\u201d kolei.<\/p>\n<p>\u200bInwestycja to nie tylko tory i hale, ale tak\u017ce nowe miejsca pracy, w tym dla os\u00f3b odchodz\u0105cych z sektora g\u00f3rniczego. Dzi\u0119ki wsp\u00f3\u0142pracy z PLK, projekt umo\u017cliwi w przysz\u0142o\u015bci uruchomienie nowych po\u0142\u0105cze\u0144 pasa\u017cerskich na po\u0142udniu Gliwic.<\/p>\n<p>Fot: Koleje \u015al\u0105skie<\/p>\n","protected":false},"excerpt":{"rendered":"<p>Tereny po dawnej kopalni zyskaj\u0105 druge \u017cycie. Koleje \u015al\u0105skie oficjalnie sfinalizowa\u0142y zakup grunt\u00f3w od Polskiej Grupy G\u00f3rniczej, co otwiera drog\u0119 do budowy jednej z najnowocze\u015bniejszych baz serwisowych w regionie. \u200bInwestycja w Gliwicach to milowy krok w stron\u0119 niezawodno\u015bci regionalnego transportu. Nowe centrum skr\u00f3ci czas przegl\u0105d\u00f3w i napraw poci\u0105g\u00f3w, co bezpo\u015brednio prze\u0142o\u017cy si\u0119 na punktualno\u015b\u0107 po\u0142\u0105cze\u0144 [&hellip;]<\/p>\n","protected":false},"author":6,"featured_media":54926,"comment_status":"open","ping_status":"open","sticky":false,"template":"","format":"standard","meta":{"footnotes":""},"categories":[49,31],"tags":[94,86,85,156,345],"class_list":{"0":"post-54925","1":"post","2":"type-post","3":"status-publish","4":"format-standard","5":"has-post-thumbnail","7":"category-gliwice","8":"category-newsy","10":"tag-iknurow-pl","11":"tag-iknw","12":"tag-info","13":"tag-koleje-slaskie"},"_links":{"self":[{"href":"https:\/\/iknw.pl\/index.php?rest_route=\/wp\/v2\/posts\/54925","targetHints":{"allow":["GET"]}}],"collection":[{"href":"https:\/\/iknw.pl\/index.php?rest_route=\/wp\/v2\/posts"}],"about":[{"href":"https:\/\/iknw.pl\/index.php?rest_route=\/wp\/v2\/types\/post"}],"author":[{"embeddable":true,"href":"https:\/\/iknw.pl\/index.php?rest_route=\/wp\/v2\/users\/6"}],"replies":[{"embeddable":true,"href":"https:\/\/iknw.pl\/index.php?rest_route=%2Fwp%2Fv2%2Fcomments&post=54925"}],"version-history":[{"count":1,"href":"https:\/\/iknw.pl\/index.php?rest_route=\/wp\/v2\/posts\/54925\/revisions"}],"predecessor-version":[{"id":54927,"href":"https:\/\/iknw.pl\/index.php?rest_route=\/wp\/v2\/posts\/54925\/revisions\/54927"}],"wp:featuredmedia":[{"embeddable":true,"href":"https:\/\/iknw.pl\/index.php?rest_route=\/wp\/v2\/media\/54926"}],"wp:attachment":[{"href":"https:\/\/iknw.pl\/index.php?rest_route=%2Fwp%2Fv2%2Fmedia&parent=54925"}],"wp:term":[{"taxonomy":"category","embeddable":true,"href":"https:\/\/iknw.pl\/index.php?rest_route=%2Fwp%2Fv2%2Fcategories&post=54925"},{"taxonomy":"post_tag","embeddable":true,"href":"https:\/\/iknw.pl\/index.php?rest_route=%2Fwp%2Fv2%2Ftags&post=54925"}],"curies":[{"name":"wp","href":"https:\/\/api.w.org\/{rel}","templated":true}]}}