{"id":57738,"date":"2026-04-27T06:59:53","date_gmt":"2026-04-27T04:59:53","guid":{"rendered":"https:\/\/iknw.pl\/?p=57738"},"modified":"2026-04-27T06:59:53","modified_gmt":"2026-04-27T04:59:53","slug":"gmina-pilchowice-%f0%9f%9a%92-wybrano-nowe-wladze-zarzadu-gminnego-osp","status":"publish","type":"post","link":"https:\/\/iknw.pl\/?p=57738","title":{"rendered":"Gmina Pilchowice \ud83d\ude92 Wybrano nowe w\u0142adze Zarz\u0105du Gminnego OSP!"},"content":{"rendered":"<p>\nPodczas  zebrania sprawozdawczo-wyborczego wy\u0142oniono sk\u0142ad nowych w\u0142adz Zarz\u0105du Gminnego OSP.<br \/>\nFunkcje obj\u0119li:<br \/>\n\ud83d\udc68\u200d\ud83d\ude92 Prezes \u2013 Czes\u0142aw Kozak<br \/>\n\ud83d\udc68\u200d\ud83d\ude92 Wiceprezes \u2013 Bernard Paszek<br \/>\n\ud83d\udc68\u200d\ud83d\ude92 Wiceprezes \u2013 Kazimierz Tu\u0142ak<br \/>\n\ud83d\udc68\u200d\ud83d\ude92 Sekretarz \u2013 Zygmunt Pikulik<br \/>\n\ud83d\udc68\u200d\ud83d\ude92 Komendant Gminny OSP \u2013 Adam Grochal<br \/>\nW spotkaniu uczestniczyli tak\u017ce:<br \/>\n\ud83d\udd39 bryg. mgr in\u017c. Janusz Koz\u0142owski \u2013 Zast\u0119pca Komendanta Miejskiego PSP w Gliwicach<br \/>\n\ud83d\udd39 Andrzej Frejno \u2013 Prezes Zarz\u0105du Oddzia\u0142u Powiatowego ZOSP<br \/>\n\ud83d\udd39 Maciej Gogulla \u2013 W\u00f3jt Gminy Pilchowice<\/p>\n<p>Nowo wybranym w\u0142adzom gratulujemy i \u017cyczymy powodzenia w realizacji powierzonych zada\u0144 \ud83d\ude92\ud83d\udcaa<\/p>\n<div id='gallery-1' class='gallery galleryid-57738 gallery-columns-3 gallery-size-large'><figure class='gallery-item'>\n\t\t\t<div class='gallery-icon landscape'>\n\t\t\t\t<a href='https:\/\/iknw.pl\/?attachment_id=57739'><img loading=\"lazy\" decoding=\"async\" width=\"696\" height=\"522\" src=\"https:\/\/iknw.pl\/wp-content\/uploads\/2026\/04\/678968695_1315237867458420_680744077495837353_n-1024x768.jpg\" class=\"attachment-large size-large\" alt=\"\" srcset=\"https:\/\/iknw.pl\/wp-content\/uploads\/2026\/04\/678968695_1315237867458420_680744077495837353_n-1024x768.jpg 1024w, https:\/\/iknw.pl\/wp-content\/uploads\/2026\/04\/678968695_1315237867458420_680744077495837353_n-300x225.jpg 300w, https:\/\/iknw.pl\/wp-content\/uploads\/2026\/04\/678968695_1315237867458420_680744077495837353_n-768x576.jpg 768w, https:\/\/iknw.pl\/wp-content\/uploads\/2026\/04\/678968695_1315237867458420_680744077495837353_n-560x420.jpg 560w, https:\/\/iknw.pl\/wp-content\/uploads\/2026\/04\/678968695_1315237867458420_680744077495837353_n-80x60.jpg 80w, https:\/\/iknw.pl\/wp-content\/uploads\/2026\/04\/678968695_1315237867458420_680744077495837353_n-696x522.jpg 696w, https:\/\/iknw.pl\/wp-content\/uploads\/2026\/04\/678968695_1315237867458420_680744077495837353_n-1068x801.jpg 1068w, https:\/\/iknw.pl\/wp-content\/uploads\/2026\/04\/678968695_1315237867458420_680744077495837353_n-265x198.jpg 265w, https:\/\/iknw.pl\/wp-content\/uploads\/2026\/04\/678968695_1315237867458420_680744077495837353_n.jpg 1440w\" sizes=\"auto, (max-width: 696px) 100vw, 696px\" \/><\/a>\n\t\t\t<\/div><\/figure><figure class='gallery-item'>\n\t\t\t<div class='gallery-icon landscape'>\n\t\t\t\t<a href='https:\/\/iknw.pl\/?attachment_id=57740'><img loading=\"lazy\" decoding=\"async\" width=\"696\" height=\"392\" src=\"https:\/\/iknw.pl\/wp-content\/uploads\/2026\/04\/679676656_1315237847458422_5689271933008069786_n-1024x576.jpg\" class=\"attachment-large size-large\" alt=\"\" srcset=\"https:\/\/iknw.pl\/wp-content\/uploads\/2026\/04\/679676656_1315237847458422_5689271933008069786_n-1024x576.jpg 1024w, https:\/\/iknw.pl\/wp-content\/uploads\/2026\/04\/679676656_1315237847458422_5689271933008069786_n-300x169.jpg 300w, https:\/\/iknw.pl\/wp-content\/uploads\/2026\/04\/679676656_1315237847458422_5689271933008069786_n-768x432.jpg 768w, https:\/\/iknw.pl\/wp-content\/uploads\/2026\/04\/679676656_1315237847458422_5689271933008069786_n-746x420.jpg 746w, https:\/\/iknw.pl\/wp-content\/uploads\/2026\/04\/679676656_1315237847458422_5689271933008069786_n-696x392.jpg 696w, https:\/\/iknw.pl\/wp-content\/uploads\/2026\/04\/679676656_1315237847458422_5689271933008069786_n-1068x601.jpg 1068w, https:\/\/iknw.pl\/wp-content\/uploads\/2026\/04\/679676656_1315237847458422_5689271933008069786_n.jpg 1153w\" sizes=\"auto, (max-width: 696px) 100vw, 696px\" \/><\/a>\n\t\t\t<\/div><\/figure><figure class='gallery-item'>\n\t\t\t<div class='gallery-icon portrait'>\n\t\t\t\t<a href='https:\/\/iknw.pl\/?attachment_id=57741'><img loading=\"lazy\" decoding=\"async\" width=\"576\" height=\"1024\" src=\"https:\/\/iknw.pl\/wp-content\/uploads\/2026\/04\/679994087_1315237874125086_5584101359018630509_n-576x1024.jpg\" class=\"attachment-large size-large\" alt=\"\" srcset=\"https:\/\/iknw.pl\/wp-content\/uploads\/2026\/04\/679994087_1315237874125086_5584101359018630509_n-576x1024.jpg 576w, https:\/\/iknw.pl\/wp-content\/uploads\/2026\/04\/679994087_1315237874125086_5584101359018630509_n-169x300.jpg 169w, https:\/\/iknw.pl\/wp-content\/uploads\/2026\/04\/679994087_1315237874125086_5584101359018630509_n-768x1365.jpg 768w, https:\/\/iknw.pl\/wp-content\/uploads\/2026\/04\/679994087_1315237874125086_5584101359018630509_n-236x420.jpg 236w, https:\/\/iknw.pl\/wp-content\/uploads\/2026\/04\/679994087_1315237874125086_5584101359018630509_n-696x1237.jpg 696w, https:\/\/iknw.pl\/wp-content\/uploads\/2026\/04\/679994087_1315237874125086_5584101359018630509_n.jpg 810w\" sizes=\"auto, (max-width: 576px) 100vw, 576px\" \/><\/a>\n\t\t\t<\/div><\/figure><figure class='gallery-item'>\n\t\t\t<div class='gallery-icon portrait'>\n\t\t\t\t<a href='https:\/\/iknw.pl\/?attachment_id=57742'><img loading=\"lazy\" decoding=\"async\" width=\"576\" height=\"1024\" src=\"https:\/\/iknw.pl\/wp-content\/uploads\/2026\/04\/679486689_1315237870791753_9091842807311482842_n-576x1024.jpg\" class=\"attachment-large size-large\" alt=\"\" srcset=\"https:\/\/iknw.pl\/wp-content\/uploads\/2026\/04\/679486689_1315237870791753_9091842807311482842_n-576x1024.jpg 576w, https:\/\/iknw.pl\/wp-content\/uploads\/2026\/04\/679486689_1315237870791753_9091842807311482842_n-169x300.jpg 169w, https:\/\/iknw.pl\/wp-content\/uploads\/2026\/04\/679486689_1315237870791753_9091842807311482842_n-768x1365.jpg 768w, https:\/\/iknw.pl\/wp-content\/uploads\/2026\/04\/679486689_1315237870791753_9091842807311482842_n-236x420.jpg 236w, https:\/\/iknw.pl\/wp-content\/uploads\/2026\/04\/679486689_1315237870791753_9091842807311482842_n-696x1237.jpg 696w, https:\/\/iknw.pl\/wp-content\/uploads\/2026\/04\/679486689_1315237870791753_9091842807311482842_n.jpg 810w\" sizes=\"auto, (max-width: 576px) 100vw, 576px\" \/><\/a>\n\t\t\t<\/div><\/figure><figure class='gallery-item'>\n\t\t\t<div class='gallery-icon landscape'>\n\t\t\t\t<a href='https:\/\/iknw.pl\/?attachment_id=57743'><img loading=\"lazy\" decoding=\"async\" width=\"696\" height=\"392\" src=\"https:\/\/iknw.pl\/wp-content\/uploads\/2026\/04\/678655323_1315237834125090_9208958723812797131_n-1024x576.jpg\" class=\"attachment-large size-large\" alt=\"\" srcset=\"https:\/\/iknw.pl\/wp-content\/uploads\/2026\/04\/678655323_1315237834125090_9208958723812797131_n-1024x576.jpg 1024w, https:\/\/iknw.pl\/wp-content\/uploads\/2026\/04\/678655323_1315237834125090_9208958723812797131_n-300x169.jpg 300w, https:\/\/iknw.pl\/wp-content\/uploads\/2026\/04\/678655323_1315237834125090_9208958723812797131_n-768x432.jpg 768w, https:\/\/iknw.pl\/wp-content\/uploads\/2026\/04\/678655323_1315237834125090_9208958723812797131_n-746x420.jpg 746w, https:\/\/iknw.pl\/wp-content\/uploads\/2026\/04\/678655323_1315237834125090_9208958723812797131_n-696x392.jpg 696w, https:\/\/iknw.pl\/wp-content\/uploads\/2026\/04\/678655323_1315237834125090_9208958723812797131_n-1068x601.jpg 1068w, https:\/\/iknw.pl\/wp-content\/uploads\/2026\/04\/678655323_1315237834125090_9208958723812797131_n.jpg 1153w\" sizes=\"auto, (max-width: 696px) 100vw, 696px\" \/><\/a>\n\t\t\t<\/div><\/figure>\n\t\t<\/div>\n\n","protected":false},"excerpt":{"rendered":"<p>Podczas zebrania sprawozdawczo-wyborczego wy\u0142oniono sk\u0142ad nowych w\u0142adz Zarz\u0105du Gminnego OSP. Funkcje obj\u0119li: \ud83d\udc68\u200d\ud83d\ude92 Prezes \u2013 Czes\u0142aw Kozak \ud83d\udc68\u200d\ud83d\ude92 Wiceprezes \u2013 Bernard Paszek \ud83d\udc68\u200d\ud83d\ude92 Wiceprezes \u2013 Kazimierz Tu\u0142ak \ud83d\udc68\u200d\ud83d\ude92 Sekretarz \u2013 Zygmunt Pikulik \ud83d\udc68\u200d\ud83d\ude92 Komendant Gminny OSP \u2013 Adam Grochal W spotkaniu uczestniczyli tak\u017ce: \ud83d\udd39 bryg. mgr in\u017c. Janusz Koz\u0142owski \u2013 Zast\u0119pca Komendanta Miejskiego PSP w [&hellip;]<\/p>\n","protected":false},"author":3,"featured_media":57743,"comment_status":"open","ping_status":"open","sticky":false,"template":"","format":"standard","meta":{"footnotes":""},"categories":[62,59],"tags":[113,85,248,98],"class_list":{"0":"post-57738","1":"post","2":"type-post","3":"status-publish","4":"format-standard","5":"has-post-thumbnail","7":"category-gmina-pilchowice","9":"tag-iknurow","10":"tag-iknw","11":"tag-osp-pilchowice","12":"tag-pilchowice"},"_links":{"self":[{"href":"https:\/\/iknw.pl\/index.php?rest_route=\/wp\/v2\/posts\/57738","targetHints":{"allow":["GET"]}}],"collection":[{"href":"https:\/\/iknw.pl\/index.php?rest_route=\/wp\/v2\/posts"}],"about":[{"href":"https:\/\/iknw.pl\/index.php?rest_route=\/wp\/v2\/types\/post"}],"author":[{"embeddable":true,"href":"https:\/\/iknw.pl\/index.php?rest_route=\/wp\/v2\/users\/3"}],"replies":[{"embeddable":true,"href":"https:\/\/iknw.pl\/index.php?rest_route=%2Fwp%2Fv2%2Fcomments&post=57738"}],"version-history":[{"count":1,"href":"https:\/\/iknw.pl\/index.php?rest_route=\/wp\/v2\/posts\/57738\/revisions"}],"predecessor-version":[{"id":57744,"href":"https:\/\/iknw.pl\/index.php?rest_route=\/wp\/v2\/posts\/57738\/revisions\/57744"}],"wp:featuredmedia":[{"embeddable":true,"href":"https:\/\/iknw.pl\/index.php?rest_route=\/wp\/v2\/media\/57743"}],"wp:attachment":[{"href":"https:\/\/iknw.pl\/index.php?rest_route=%2Fwp%2Fv2%2Fmedia&parent=57738"}],"wp:term":[{"taxonomy":"category","embeddable":true,"href":"https:\/\/iknw.pl\/index.php?rest_route=%2Fwp%2Fv2%2Fcategories&post=57738"},{"taxonomy":"post_tag","embeddable":true,"href":"https:\/\/iknw.pl\/index.php?rest_route=%2Fwp%2Fv2%2Ftags&post=57738"}],"curies":[{"name":"wp","href":"https:\/\/api.w.org\/{rel}","templated":true}]}}