{"id":57778,"date":"2026-04-27T14:13:07","date_gmt":"2026-04-27T12:13:07","guid":{"rendered":"https:\/\/iknw.pl\/?p=57778"},"modified":"2026-04-27T14:13:07","modified_gmt":"2026-04-27T12:13:07","slug":"gliwice-rusza-sezon-na-fontanny-miejskie-2","status":"publish","type":"post","link":"https:\/\/iknw.pl\/?p=57778","title":{"rendered":"Gliwice: Rusza sezon na fontanny miejskie"},"content":{"rendered":"<p><strong>Mamy kolejn\u0105 oznak\u0119 wiosny \u2013 dzisiaj sezon rozpoczynaj\u0105 miejskie fontanny. Woda tryska ju\u017c z fontanny Trzech Faun\u00f3w, lada moment uruchomiona zostanie fontanna Neptuna na Rynku i Ch\u0142opiec z \u0142ab\u0119dziem na Skwerze Dessau przy Katedrze. W nast\u0119pnych dniach b\u0119dzie mo\u017cna cieszy\u0107 si\u0119 urokiem kolejnych czynnych wodotrysk\u00f3w.<\/strong><\/p>\n<p>Po maj\u00f3wce uruchomione zostan\u0105 pozosta\u0142e fontanny, m.in. w Parku Szwajcaria, na Placu Krakowskim, Pl. Pi\u0142sudskiego i na Skwerze Salg\u00f3tarj\u00e1n. <\/p>\n<p>Info: gliwice.eu<br \/>\nFot. M.Foltyn\/UM Gliwice<\/p>\n","protected":false},"excerpt":{"rendered":"<p>Mamy kolejn\u0105 oznak\u0119 wiosny \u2013 dzisiaj sezon rozpoczynaj\u0105 miejskie fontanny. Woda tryska ju\u017c z fontanny Trzech Faun\u00f3w, lada moment uruchomiona zostanie fontanna Neptuna na Rynku i Ch\u0142opiec z \u0142ab\u0119dziem na Skwerze Dessau przy Katedrze. W nast\u0119pnych dniach b\u0119dzie mo\u017cna cieszy\u0107 si\u0119 urokiem kolejnych czynnych wodotrysk\u00f3w. Po maj\u00f3wce uruchomione zostan\u0105 pozosta\u0142e fontanny, m.in. w Parku Szwajcaria, [&hellip;]<\/p>\n","protected":false},"author":6,"featured_media":57779,"comment_status":"open","ping_status":"open","sticky":false,"template":"","format":"standard","meta":{"footnotes":""},"categories":[49,52],"tags":[94,86,85,156],"class_list":{"0":"post-57778","1":"post","2":"type-post","3":"status-publish","4":"format-standard","5":"has-post-thumbnail","7":"category-gliwice","8":"category-informacje","10":"tag-iknurow-pl","11":"tag-iknw","12":"tag-info"},"_links":{"self":[{"href":"https:\/\/iknw.pl\/index.php?rest_route=\/wp\/v2\/posts\/57778","targetHints":{"allow":["GET"]}}],"collection":[{"href":"https:\/\/iknw.pl\/index.php?rest_route=\/wp\/v2\/posts"}],"about":[{"href":"https:\/\/iknw.pl\/index.php?rest_route=\/wp\/v2\/types\/post"}],"author":[{"embeddable":true,"href":"https:\/\/iknw.pl\/index.php?rest_route=\/wp\/v2\/users\/6"}],"replies":[{"embeddable":true,"href":"https:\/\/iknw.pl\/index.php?rest_route=%2Fwp%2Fv2%2Fcomments&post=57778"}],"version-history":[{"count":1,"href":"https:\/\/iknw.pl\/index.php?rest_route=\/wp\/v2\/posts\/57778\/revisions"}],"predecessor-version":[{"id":57780,"href":"https:\/\/iknw.pl\/index.php?rest_route=\/wp\/v2\/posts\/57778\/revisions\/57780"}],"wp:featuredmedia":[{"embeddable":true,"href":"https:\/\/iknw.pl\/index.php?rest_route=\/wp\/v2\/media\/57779"}],"wp:attachment":[{"href":"https:\/\/iknw.pl\/index.php?rest_route=%2Fwp%2Fv2%2Fmedia&parent=57778"}],"wp:term":[{"taxonomy":"category","embeddable":true,"href":"https:\/\/iknw.pl\/index.php?rest_route=%2Fwp%2Fv2%2Fcategories&post=57778"},{"taxonomy":"post_tag","embeddable":true,"href":"https:\/\/iknw.pl\/index.php?rest_route=%2Fwp%2Fv2%2Ftags&post=57778"}],"curies":[{"name":"wp","href":"https:\/\/api.w.org\/{rel}","templated":true}]}}