{"id":57796,"date":"2026-04-28T07:49:52","date_gmt":"2026-04-28T05:49:52","guid":{"rendered":"https:\/\/iknw.pl\/?p=57796"},"modified":"2026-04-28T07:49:52","modified_gmt":"2026-04-28T05:49:52","slug":"gliwice-majowka-pelna-atrakcji-2","status":"publish","type":"post","link":"https:\/\/iknw.pl\/?p=57796","title":{"rendered":"Gliwice: Maj\u00f3wka pe\u0142na atrakcji!"},"content":{"rendered":"<p><strong>Przed nami wyj\u0105tkowy majowy weekend w Gliwicach \u2013 czas, w kt\u00f3rym miejskie przestrzenie wype\u0142ni\u0105 si\u0119 radosnym \u015bwi\u0119towaniem, kultur\u0105 i histori\u0105. Od 1 do 3 maja mieszka\u0144cy i go\u015bcie b\u0119d\u0105 mogli wzi\u0105\u0107 udzia\u0142 w r\u00f3\u017cnorodnych wydarzeniach \u2013 od koncert\u00f3w i silent disco, przez rodzinne aktywno\u015bci na \u015bwie\u017cym powietrzu, a\u017c po tradycyjne uroczysto\u015bci upami\u0119tniaj\u0105ce jedno z najwa\u017cniejszych wydarze\u0144 w dziejach Polski.<\/strong><\/p>\n<p>3 maja \u2013 wsp\u00f3lnie uczcijmy \u015awi\u0119to Konstytucji<\/p>\n<p>\u015awi\u0119to Narodowe Trzeciego Maja to \u2013 obok \u015awi\u0119ta Niepodleg\u0142o\u015bci \u2013 jedno z najwa\u017cniejszych \u015bwi\u0105t pa\u0144stwowych w Polsce. Upami\u0119tnia dzie\u0144 uchwalenia przez kr\u00f3la Stanis\u0142awa Augusta Poniatowskiego Konstytucji, a w\u0142a\u015bciwie Ustawy Rz\u0105dowej z dnia 3 maja 1791 roku.<\/p>\n<p>Aby uczci\u0107 235. rocznic\u0119 tego wa\u017cnego wydarzenia, 3 maja warto przyozdobi\u0107 domy bia\u0142o-czerwonymi flagami oraz wzi\u0105\u0107 udzia\u0142 w miejskich obchodach. W Gliwicach tradycyjnie rozpocznie je msza \u015bwi\u0119ta w intencji Ojczyzny, kt\u00f3ra o godz. 12.30 zostanie odprawiona w ko\u015bciele katedralnym pw. \u015awi\u0119tych Aposto\u0142\u00f3w Piotra i Paw\u0142a. Po nabo\u017ce\u0144stwie, ok. godz. 13.45, uczestnicy przemaszeruj\u0105 wsp\u00f3lnie na Plac Adama Mickiewicza, gdzie o godz. 13.50 rozpoczn\u0105 si\u0119 oficjalne uroczysto\u015bci. Wydarzenie zwie\u0144czy, ok. godz. 14.10, wyst\u0119p Ma\u017coretek Scarlet oraz werblist\u00f3w Zespo\u0142u Szk\u00f3\u0142 Ekonomiczno-Technicznych im. Cichociemnych w Gliwicach.<\/p>\n<p>Maj\u00f3wka z Kultur\u0105 \u2013 bawimy si\u0119 w Ruinach Teatru Victoria i na Alei Przyja\u017ani<\/p>\n<p>Nie zabraknie te\u017c imprez kulturalnych. W ramach \u201eMaj\u00f3wki z Kultur\u0105\u201d Ruiny Teatru Victoria ponownie stan\u0105 si\u0119 muzycznym sercem miasta. Na scenie pojawi\u0105 si\u0119 znani arty\u015bci \u2013 1 maja Spi\u0119ty, a 3 maja Lech Janerka, natomiast 2 maja przestrze\u0144 zamieni si\u0119 w taneczny parkiet podczas silent disco. B\u0119dzie te\u017c co\u015b dla tych, kt\u00f3rzy wol\u0105 sp\u0119dza\u0107 czas aktywnie i na \u015bwie\u017cym powietrzu \u2013 na Alei Przyja\u017ani powr\u00f3c\u0105 retro gry podw\u00f3rkowe, przypominaj\u0105ce beztroskie chwile dzieci\u0144stwa i zach\u0119caj\u0105ce do wsp\u00f3lnej zabawy bez ekran\u00f3w. Dodatkowo odb\u0119d\u0105 si\u0119 warsztaty \u201ePatrz pod nogi\u201d.<\/p>\n<p>Program:<\/p>\n<p>\u25cf 1 i 2 maja, godz. 16.00\u201319.00<br \/>\nRetro gry podw\u00f3rkowe \u2013 Aleja Przyja\u017ani<br \/>\n\u25cf 1 maja, godz. 16.00\u201319.00<br \/>\nPatrz pod nogi \u2013 wsp\u00f3\u0142tworzenie z dzie\u0107mi gier chodnikowych<br \/>\n\u25cf 1 maja, godz. 19.00<br \/>\nSpi\u0119ty \u2013 koncert (Ruiny Teatru Victoria) | Brak bilet\u00f3w<br \/>\n\u25cf 2 maja, godz. 19.00\u201300.00<br \/>\nSilent Disco (Ruiny Teatru Victoria) | Bilety: 30 z\u0142, p\u0142atne na miejscu<br \/>\n\u25cf 3 maja, godz. 18.00<br \/>\nLech Janerka \u2013 koncert (Ruiny Teatru Victoria) | Brak bilet\u00f3w<\/p>\n<p>Maj\u00f3wka z histori\u0105 w tle \u2013 Muzeum w Gliwicach zaprasza<\/p>\n<p>Swoj\u0105 propozycj\u0119 przygotowa\u0142o r\u00f3wnie\u017c Muzeum w Gliwicach, zapraszaj\u0105c do wszystkich swoich oddzia\u0142\u00f3w \u2013 od Willi Caro po Radiostacj\u0119. 2 maja, z okazji \u015awi\u0119ta Flagi, zwiedzanie b\u0119dzie bezp\u0142atne, a na odwiedzaj\u0105cych czeka\u0107 b\u0119d\u0105 patriotyczne kotyliony. Z kolei 3 maja najm\u0142odsi wraz z opiekunami b\u0119d\u0105 mogli wzi\u0105\u0107 udzia\u0142 w \u201ePoranku muzealnym\u201d, podczas kt\u00f3rego poznaj\u0105 histori\u0119 obrazu Jana Matejki \u201eKonstytucja 3 Maja 1791 roku\u201d. To propozycja dla tych, kt\u00f3rzy chc\u0105 po\u0142\u0105czy\u0107 maj\u00f3wkowy odpoczynek z refleksj\u0105 i odkrywaniem lokalnego dziedzictwa. \u201ePoranek\u201d rozpocznie si\u0119 o godz. 10.00, obowi\u0105zuj\u0105 zapisy pod nr. tel. 783-560-006. <\/p>\n<p>Info: gliwice.eu<\/p>\n","protected":false},"excerpt":{"rendered":"<p>Przed nami wyj\u0105tkowy majowy weekend w Gliwicach \u2013 czas, w kt\u00f3rym miejskie przestrzenie wype\u0142ni\u0105 si\u0119 radosnym \u015bwi\u0119towaniem, kultur\u0105 i histori\u0105. Od 1 do 3 maja mieszka\u0144cy i go\u015bcie b\u0119d\u0105 mogli wzi\u0105\u0107 udzia\u0142 w r\u00f3\u017cnorodnych wydarzeniach \u2013 od koncert\u00f3w i silent disco, przez rodzinne aktywno\u015bci na \u015bwie\u017cym powietrzu, a\u017c po tradycyjne uroczysto\u015bci upami\u0119tniaj\u0105ce jedno z najwa\u017cniejszych [&hellip;]<\/p>\n","protected":false},"author":6,"featured_media":57797,"comment_status":"open","ping_status":"open","sticky":false,"template":"","format":"standard","meta":{"footnotes":""},"categories":[49,52],"tags":[94,131,85,156],"class_list":{"0":"post-57796","1":"post","2":"type-post","3":"status-publish","4":"format-standard","5":"has-post-thumbnail","7":"category-gliwice","8":"category-informacje","9":"tag-gliwice","10":"tag-iknuow-pl","11":"tag-iknw","12":"tag-info"},"_links":{"self":[{"href":"https:\/\/iknw.pl\/index.php?rest_route=\/wp\/v2\/posts\/57796","targetHints":{"allow":["GET"]}}],"collection":[{"href":"https:\/\/iknw.pl\/index.php?rest_route=\/wp\/v2\/posts"}],"about":[{"href":"https:\/\/iknw.pl\/index.php?rest_route=\/wp\/v2\/types\/post"}],"author":[{"embeddable":true,"href":"https:\/\/iknw.pl\/index.php?rest_route=\/wp\/v2\/users\/6"}],"replies":[{"embeddable":true,"href":"https:\/\/iknw.pl\/index.php?rest_route=%2Fwp%2Fv2%2Fcomments&post=57796"}],"version-history":[{"count":1,"href":"https:\/\/iknw.pl\/index.php?rest_route=\/wp\/v2\/posts\/57796\/revisions"}],"predecessor-version":[{"id":57798,"href":"https:\/\/iknw.pl\/index.php?rest_route=\/wp\/v2\/posts\/57796\/revisions\/57798"}],"wp:featuredmedia":[{"embeddable":true,"href":"https:\/\/iknw.pl\/index.php?rest_route=\/wp\/v2\/media\/57797"}],"wp:attachment":[{"href":"https:\/\/iknw.pl\/index.php?rest_route=%2Fwp%2Fv2%2Fmedia&parent=57796"}],"wp:term":[{"taxonomy":"category","embeddable":true,"href":"https:\/\/iknw.pl\/index.php?rest_route=%2Fwp%2Fv2%2Fcategories&post=57796"},{"taxonomy":"post_tag","embeddable":true,"href":"https:\/\/iknw.pl\/index.php?rest_route=%2Fwp%2Fv2%2Ftags&post=57796"}],"curies":[{"name":"wp","href":"https:\/\/api.w.org\/{rel}","templated":true}]}}