{"id":57846,"date":"2026-04-29T14:02:51","date_gmt":"2026-04-29T12:02:51","guid":{"rendered":"https:\/\/iknw.pl\/?p=57846"},"modified":"2026-04-29T14:02:51","modified_gmt":"2026-04-29T12:02:51","slug":"czerwionka-leszczyny-spotkania-z-mieszkancami-w-dzielnicach-solectwach-i-osiedlu","status":"publish","type":"post","link":"https:\/\/iknw.pl\/?p=57846","title":{"rendered":"Czerwionka-Leszczyny: Spotkania z Mieszka\u0144cami w dzielnicach, so\u0142ectwach i osiedlu"},"content":{"rendered":"<div class=\"aktualnosc-naglowek\"><b>\u00a0<\/b><\/div>\n<div class=\"aktualnosc\">\n<div class=\"aktualnosc-tresc\">\n<h2 align=\"center\">Publikujemy terminy zebra\u0144\u00a0z Mieszka\u0144cami w dzielnicach, so\u0142ectwach i osiedlu\u00a0\u00a0Gminy i Miasta Czerwionka-Leszczyny.<\/h2>\n<h2 align=\"center\">Zapraszamy do udzia\u0142u w zebraniach. To\u00a0okazja do uzyskania istotnych informacji oraz aktywnego udzia\u0142u w dyskusji na temat bie\u017c\u0105cych spraw.<\/h2>\n<p align=\"center\">\n<p class=\"western\" align=\"center\">\n<table width=\"792\" cellspacing=\"0\" cellpadding=\"5\">\n<tbody>\n<tr valign=\"top\">\n<td width=\"36\" height=\"47\">\n<p align=\"center\">Lp.<\/p>\n<\/td>\n<td width=\"214\">\n<p align=\"center\">So\u0142ectwo\/<\/p>\n<p align=\"center\">Dzielnica<\/p>\n<\/td>\n<td width=\"144\">Termin\/ Godzina<\/td>\n<td width=\"355\">\n<p align=\"center\">Miejsce<\/p>\n<\/td>\n<\/tr>\n<tr valign=\"top\">\n<td width=\"36\" height=\"68\">\u00a01.<\/td>\n<td width=\"214\">D\u0119bie\u0144sko<\/td>\n<td width=\"144\">4.05.2026 r.<\/p>\n<p>godz. 18:00<\/td>\n<td width=\"355\">Szko\u0142a Podstawowa Nr 8 w D\u0119bie\u0144sku<\/td>\n<\/tr>\n<tr valign=\"top\">\n<td width=\"36\" height=\"68\">\u00a02.<\/td>\n<td width=\"214\">Osiedle Malenie<\/td>\n<td width=\"144\">12.05.2026 r.<\/p>\n<p>godz. 18.00<\/td>\n<td width=\"355\">Sala Centrum Us\u0142ug Spo\u0142ecznych<\/p>\n<p>ul. M\u0142y\u0144ska 21<\/td>\n<\/tr>\n<tr valign=\"top\">\n<td width=\"36\" height=\"68\">\u00a03.<\/td>\n<td width=\"214\">Czerwionka Centrum<\/td>\n<td width=\"144\">13.05.2026 r.<\/p>\n<p>godz. 18.00<\/td>\n<td width=\"355\">Centrum Kulturalno-Edukacyjne<\/p>\n<p>w Czerwionce<\/td>\n<\/tr>\n<tr valign=\"top\">\n<td width=\"36\" height=\"67\">\u00a04.<\/td>\n<td width=\"214\">Przeg\u0119dza<\/td>\n<td width=\"144\">14.05.2026 r. godz. 18.00<\/td>\n<td width=\"355\">Szko\u0142a Podstawowa w Przeg\u0119dzy<\/td>\n<\/tr>\n<tr valign=\"top\">\n<td width=\"36\" height=\"67\">\u00a05.<\/td>\n<td width=\"214\">Leszczyny Stare<\/td>\n<td width=\"144\">15.05.2026 r.<\/p>\n<p>godz. 17.00<\/td>\n<td width=\"355\">Szko\u0142a Podstawowa Nr 1 w Leszczynach<\/td>\n<\/tr>\n<tr valign=\"top\">\n<td width=\"36\" height=\"67\">\u00a06.<\/td>\n<td width=\"214\">Czerwionka Karolinka<\/td>\n<td width=\"144\">18.05.2026 r.<\/p>\n<p>godz. 18.00<\/td>\n<td width=\"355\">Szko\u0142a Podstawowa Nr 4 w Czerwionce<\/td>\n<\/tr>\n<tr valign=\"top\">\n<td width=\"36\" height=\"67\">\u00a07.<\/td>\n<td width=\"214\">Palowice<\/td>\n<td width=\"144\">19.05.2026 r.<\/p>\n<p>godz. 18.00<\/td>\n<td width=\"355\">Sala OSP Palowice<\/td>\n<\/tr>\n<tr valign=\"top\">\n<td width=\"36\" height=\"67\">\u00a08.<\/td>\n<td width=\"214\">Szczejkowice<\/td>\n<td width=\"144\">20.05.2026 r.<\/p>\n<p>godz. 18.00<\/td>\n<td width=\"355\">Dom Kultury w Szczejkowicach<\/td>\n<\/tr>\n<tr valign=\"top\">\n<td width=\"36\" height=\"67\">\u00a09.<\/td>\n<td width=\"214\">Leszczyny Osiedle<\/td>\n<td width=\"144\">21.05.2026 r.<\/p>\n<p>godz. 18.00<\/td>\n<td width=\"355\">Zameczek w Leszczynach<\/td>\n<\/tr>\n<tr valign=\"top\">\n<td width=\"36\" height=\"67\">\u00a010.<\/td>\n<td width=\"214\">Czuch\u00f3w<\/td>\n<td width=\"144\">22.05.2026 r.<\/p>\n<p>godz. 18.00<\/td>\n<td width=\"355\">Szko\u0142a Podstawowa Nr 6 w Czuchowie<\/td>\n<\/tr>\n<tr valign=\"top\">\n<td width=\"36\" height=\"67\">\u00a011.<\/td>\n<td width=\"214\">Ksi\u0105\u017cenice<\/td>\n<td width=\"144\">25.05.2026 r.<\/p>\n<p>godz. 18.00<\/td>\n<td width=\"355\">Sala OSP Ksi\u0105\u017cenice<\/td>\n<\/tr>\n<tr valign=\"top\">\n<td width=\"36\" height=\"67\">\u00a012.<\/td>\n<td width=\"214\">Stanowice<\/td>\n<td width=\"144\">27.05.2026 r.<\/p>\n<p>godz. 18.00<\/td>\n<td width=\"355\">Sala OSP Stanowice<\/td>\n<\/tr>\n<tr valign=\"top\">\n<td width=\"36\" height=\"66\">\u00a013.<\/td>\n<td width=\"214\">Be\u0142k<\/td>\n<td width=\"144\">28.05.2026 r.<\/p>\n<p>godz. 18.00<\/td>\n<td width=\"355\">Klub Kultury przy OSP w Be\u0142ku<\/p>\n<p>&nbsp;<\/td>\n<\/tr>\n<\/tbody>\n<\/table>\n<\/div>\n<\/div>\n","protected":false},"excerpt":{"rendered":"<p>\u00a0 Publikujemy terminy zebra\u0144\u00a0z Mieszka\u0144cami w dzielnicach, so\u0142ectwach i osiedlu\u00a0\u00a0Gminy i Miasta Czerwionka-Leszczyny. Zapraszamy do udzia\u0142u w zebraniach. To\u00a0okazja do uzyskania istotnych informacji oraz aktywnego udzia\u0142u w dyskusji na temat bie\u017c\u0105cych spraw. Lp. So\u0142ectwo\/ Dzielnica Termin\/ Godzina Miejsce \u00a01. D\u0119bie\u0144sko 4.05.2026 r. godz. 18:00 Szko\u0142a Podstawowa Nr 8 w D\u0119bie\u0144sku \u00a02. Osiedle Malenie 12.05.2026 r. [&hellip;]<\/p>\n","protected":false},"author":3,"featured_media":57847,"comment_status":"open","ping_status":"open","sticky":false,"template":"","format":"standard","meta":{"footnotes":""},"categories":[44,52],"tags":[110,113,85],"class_list":{"0":"post-57846","1":"post","2":"type-post","3":"status-publish","4":"format-standard","5":"has-post-thumbnail","7":"category-czerwionka-leszczyny","8":"category-informacje","10":"tag-iknurow","11":"tag-iknw"},"_links":{"self":[{"href":"https:\/\/iknw.pl\/index.php?rest_route=\/wp\/v2\/posts\/57846","targetHints":{"allow":["GET"]}}],"collection":[{"href":"https:\/\/iknw.pl\/index.php?rest_route=\/wp\/v2\/posts"}],"about":[{"href":"https:\/\/iknw.pl\/index.php?rest_route=\/wp\/v2\/types\/post"}],"author":[{"embeddable":true,"href":"https:\/\/iknw.pl\/index.php?rest_route=\/wp\/v2\/users\/3"}],"replies":[{"embeddable":true,"href":"https:\/\/iknw.pl\/index.php?rest_route=%2Fwp%2Fv2%2Fcomments&post=57846"}],"version-history":[{"count":1,"href":"https:\/\/iknw.pl\/index.php?rest_route=\/wp\/v2\/posts\/57846\/revisions"}],"predecessor-version":[{"id":57848,"href":"https:\/\/iknw.pl\/index.php?rest_route=\/wp\/v2\/posts\/57846\/revisions\/57848"}],"wp:featuredmedia":[{"embeddable":true,"href":"https:\/\/iknw.pl\/index.php?rest_route=\/wp\/v2\/media\/57847"}],"wp:attachment":[{"href":"https:\/\/iknw.pl\/index.php?rest_route=%2Fwp%2Fv2%2Fmedia&parent=57846"}],"wp:term":[{"taxonomy":"category","embeddable":true,"href":"https:\/\/iknw.pl\/index.php?rest_route=%2Fwp%2Fv2%2Fcategories&post=57846"},{"taxonomy":"post_tag","embeddable":true,"href":"https:\/\/iknw.pl\/index.php?rest_route=%2Fwp%2Fv2%2Ftags&post=57846"}],"curies":[{"name":"wp","href":"https:\/\/api.w.org\/{rel}","templated":true}]}}