{"id":64829,"date":"2026-09-02T16:57:39","date_gmt":"2026-09-02T14:57:39","guid":{"rendered":"https:\/\/iknw.pl\/?p=64829"},"modified":"2026-09-02T16:57:39","modified_gmt":"2026-09-02T14:57:39","slug":"czerwionka-leszczyny-glyk-music-expression-festival-po-raz-trzeci-w-cke","status":"publish","type":"post","link":"https:\/\/iknw.pl\/?p=64829","title":{"rendered":"Czerwionka-Leszczyny: G\u0142yk Music Expression Festival po raz trzeci w CKE"},"content":{"rendered":"<p>Ju\u017c 7 listopada 2026 roku o godz. 19:00 w Centrum Kulturalno-Edukacyjnym w Czerwionce-Leszczynach odb\u0119dzie si\u0119 trzecia edycja wyj\u0105tkowego G\u0142yk Music Expression Festival.<\/p>\n<p>To propozycja dla wszystkich mi\u0142o\u015bnik\u00f3w jazzu, dobrej muzyki i niepowtarzalnej scenicznej energii.<\/p>\n<p>7 listopada 2026 r.<\/p>\n<p>godz. 19:00<\/p>\n<p>CKE Czerwionka-Leszczyny<\/p>\n<p>Bilety mo\u017cna kupi\u0107 w kasie CKE oraz za po\u015brednictwem strony internetowej organizatora.<\/p>\n<p>Nie zabraknie muzycznych emocji na najwy\u017cszym poziomie!<\/p>\n","protected":false},"excerpt":{"rendered":"<p>Ju\u017c 7 listopada 2026 roku o godz. 19:00 w Centrum Kulturalno-Edukacyjnym w Czerwionce-Leszczynach odb\u0119dzie si\u0119 trzecia edycja wyj\u0105tkowego G\u0142yk Music Expression Festival. To propozycja dla wszystkich mi\u0142o\u015bnik\u00f3w jazzu, dobrej muzyki i niepowtarzalnej scenicznej energii. 7 listopada 2026 r. godz. 19:00 CKE Czerwionka-Leszczyny Bilety mo\u017cna kupi\u0107 w kasie CKE oraz za po\u015brednictwem strony internetowej organizatora. Nie [&hellip;]<\/p>\n","protected":false},"author":6,"featured_media":64830,"comment_status":"open","ping_status":"open","sticky":false,"template":"","format":"standard","meta":{"footnotes":""},"categories":[44,52,32],"tags":[268,86,85,156],"class_list":{"0":"post-64829","1":"post","2":"type-post","3":"status-publish","4":"format-standard","5":"has-post-thumbnail","6":"hentry","7":"category-czerwionka-leszczyny","8":"category-informacje","9":"category-kultura-i-rozrywka","10":"tag-cke-czerwionka-leszczyny","12":"tag-iknw","13":"tag-info"},"_links":{"self":[{"href":"https:\/\/iknw.pl\/index.php?rest_route=\/wp\/v2\/posts\/64829","targetHints":{"allow":["GET"]}}],"collection":[{"href":"https:\/\/iknw.pl\/index.php?rest_route=\/wp\/v2\/posts"}],"about":[{"href":"https:\/\/iknw.pl\/index.php?rest_route=\/wp\/v2\/types\/post"}],"author":[{"embeddable":true,"href":"https:\/\/iknw.pl\/index.php?rest_route=\/wp\/v2\/users\/6"}],"replies":[{"embeddable":true,"href":"https:\/\/iknw.pl\/index.php?rest_route=%2Fwp%2Fv2%2Fcomments&post=64829"}],"version-history":[{"count":1,"href":"https:\/\/iknw.pl\/index.php?rest_route=\/wp\/v2\/posts\/64829\/revisions"}],"predecessor-version":[{"id":64831,"href":"https:\/\/iknw.pl\/index.php?rest_route=\/wp\/v2\/posts\/64829\/revisions\/64831"}],"wp:featuredmedia":[{"embeddable":true,"href":"https:\/\/iknw.pl\/index.php?rest_route=\/wp\/v2\/media\/64830"}],"wp:attachment":[{"href":"https:\/\/iknw.pl\/index.php?rest_route=%2Fwp%2Fv2%2Fmedia&parent=64829"}],"wp:term":[{"taxonomy":"category","embeddable":true,"href":"https:\/\/iknw.pl\/index.php?rest_route=%2Fwp%2Fv2%2Fcategories&post=64829"},{"taxonomy":"post_tag","embeddable":true,"href":"https:\/\/iknw.pl\/index.php?rest_route=%2Fwp%2Fv2%2Ftags&post=64829"}],"curies":[{"name":"wp","href":"https:\/\/api.w.org\/{rel}","templated":true}]}}