{"id":64876,"date":"2026-09-02T17:50:01","date_gmt":"2026-09-02T15:50:01","guid":{"rendered":"https:\/\/iknw.pl\/?p=64876"},"modified":"2026-09-02T17:50:01","modified_gmt":"2026-09-02T15:50:01","slug":"knurow-gdy-pewnosc-siebie-ustepuje-miejsca-absurdowi-spektakl-armando-zawita-do-szczyglowic","status":"publish","type":"post","link":"https:\/\/iknw.pl\/?p=64876","title":{"rendered":"Knur\u00f3w: Gdy pewno\u015b\u0107 siebie ust\u0119puje miejsca absurdowi. Spektakl \u201eARMANDO\u201d zawita do Szczyg\u0142owic"},"content":{"rendered":"<p>Co si\u0119 stanie, gdy uosobienie m\u0119skiej pewno\u015bci siebie nagle straci ca\u0142y sw\u00f3j dotychczasowy rezon? Odpowied\u017a na to pytanie przyniesie komedia \u201eARMANDO\u201d w wykonaniu Teatru w Sam Raz im. Krzysztofa Dereszy\u0144skiego. Na knurowskiej scenie publiczno\u015b\u0107 zobaczy dynamiczn\u0105 opowie\u015b\u0107 o to\u017csamo\u015bci, w kt\u00f3rej kryzys g\u0142\u00f3wnego bohatera staje si\u0119 punktem wyj\u015bcia dla serii nieoczekiwanych wydarze\u0144. Wok\u00f3\u0142 postaci tytu\u0142owej pojawia si\u0119 kr\u0105g kobiet, z kt\u00f3rych ka\u017cda na sw\u00f3j spos\u00f3b wp\u0142ywa na jego przewarto\u015bciowanie. Tw\u00f3rcy zapowiadaj\u0105 sceniczne widowisko \u0142\u0105cz\u0105ce w sobie elementy absurdu, wyrazistego przerysowania i klasycznego dowcipu, w kt\u00f3rym pod warstw\u0105 komizmu kryje si\u0119 poruszaj\u0105ca historia o poszukiwaniu samego siebie<\/p>\n<p>Przedstawienie odb\u0119dzie si\u0119 3 pa\u017adziernika 2026 roku o godzinie 18:00 w Domu Kultury Knur\u00f3w-Szczyg\u0142owice przy ulicy G\u00f3rniczej 1. Za scenariusz i re\u017cyseri\u0119 odpowiadaj\u0105 Bart\u0142omiej Hauke, Gabriela Fuchs oraz Jakub Podg\u00f3rski. Na scenie w aktorskich kreacjach zaprezentuj\u0105 si\u0119: Gabriela Fuchs, Bart\u0142omiej Hauke, Jakub Podg\u00f3rski, Natalia Dereszy\u0144ska, Karolina Cie\u015blar-Szymkowiak oraz Kamil Pawe\u0142czyk.<\/p>\n<p>Bilety w cenie 70 z\u0142 s\u0105 do nabycia w sekretariacie plac\u00f3wki, drog\u0105 telefoniczn\u0105 pod numerem 32 332 63 84 lub online za po\u015brednictwem strony kulturalnyknurow.pl.<\/p>\n","protected":false},"excerpt":{"rendered":"<p>Co si\u0119 stanie, gdy uosobienie m\u0119skiej pewno\u015bci siebie nagle straci ca\u0142y sw\u00f3j dotychczasowy rezon? Odpowied\u017a na to pytanie przyniesie komedia \u201eARMANDO\u201d w wykonaniu Teatru w Sam Raz im. Krzysztofa Dereszy\u0144skiego. Na knurowskiej scenie publiczno\u015b\u0107 zobaczy dynamiczn\u0105 opowie\u015b\u0107 o to\u017csamo\u015bci, w kt\u00f3rej kryzys g\u0142\u00f3wnego bohatera staje si\u0119 punktem wyj\u015bcia dla serii nieoczekiwanych wydarze\u0144. Wok\u00f3\u0142 postaci tytu\u0142owej [&hellip;]<\/p>\n","protected":false},"author":6,"featured_media":64877,"comment_status":"open","ping_status":"open","sticky":false,"template":"","format":"standard","meta":{"footnotes":""},"categories":[52,39,32],"tags":[177,86,85,156],"class_list":{"0":"post-64876","1":"post","2":"type-post","3":"status-publish","4":"format-standard","5":"has-post-thumbnail","6":"hentry","7":"category-informacje","9":"category-kultura-i-rozrywka","12":"tag-iknw","13":"tag-info"},"_links":{"self":[{"href":"https:\/\/iknw.pl\/index.php?rest_route=\/wp\/v2\/posts\/64876","targetHints":{"allow":["GET"]}}],"collection":[{"href":"https:\/\/iknw.pl\/index.php?rest_route=\/wp\/v2\/posts"}],"about":[{"href":"https:\/\/iknw.pl\/index.php?rest_route=\/wp\/v2\/types\/post"}],"author":[{"embeddable":true,"href":"https:\/\/iknw.pl\/index.php?rest_route=\/wp\/v2\/users\/6"}],"replies":[{"embeddable":true,"href":"https:\/\/iknw.pl\/index.php?rest_route=%2Fwp%2Fv2%2Fcomments&post=64876"}],"version-history":[{"count":1,"href":"https:\/\/iknw.pl\/index.php?rest_route=\/wp\/v2\/posts\/64876\/revisions"}],"predecessor-version":[{"id":64878,"href":"https:\/\/iknw.pl\/index.php?rest_route=\/wp\/v2\/posts\/64876\/revisions\/64878"}],"wp:featuredmedia":[{"embeddable":true,"href":"https:\/\/iknw.pl\/index.php?rest_route=\/wp\/v2\/media\/64877"}],"wp:attachment":[{"href":"https:\/\/iknw.pl\/index.php?rest_route=%2Fwp%2Fv2%2Fmedia&parent=64876"}],"wp:term":[{"taxonomy":"category","embeddable":true,"href":"https:\/\/iknw.pl\/index.php?rest_route=%2Fwp%2Fv2%2Fcategories&post=64876"},{"taxonomy":"post_tag","embeddable":true,"href":"https:\/\/iknw.pl\/index.php?rest_route=%2Fwp%2Fv2%2Ftags&post=64876"}],"curies":[{"name":"wp","href":"https:\/\/api.w.org\/{rel}","templated":true}]}}