{"id":64911,"date":"2026-09-02T18:12:17","date_gmt":"2026-09-02T16:12:17","guid":{"rendered":"https:\/\/iknw.pl\/?p=64911"},"modified":"2026-09-02T18:12:17","modified_gmt":"2026-09-02T16:12:17","slug":"gliwice-nowoczesnie-i-minimalistycznie-nowe-domki-na-miejskie-wydarzenia","status":"publish","type":"post","link":"https:\/\/iknw.pl\/?p=64911","title":{"rendered":"Gliwice: Nowocze\u015bnie i minimalistycznie. Nowe domki na miejskie wydarzenia"},"content":{"rendered":"<p><strong>Do miejskiego wyposa\u017cenia trafi 25 nowych, drewnianych domk\u00f3w handlowych, kt\u00f3re b\u0119d\u0105 wykorzystywane podczas jarmark\u00f3w, kiermasz\u00f3w, imprez miejskich i innych plenerowych wydarze\u0144. B\u0119dzie schludnie i estetycznie.\u00a0<\/strong><\/p>\n<p>\u2013\u00a0<em>Nowe domki b\u0119d\u0105 wyr\u00f3\u017cnia\u0107 si\u0119 nowoczesn\u0105 i minimalistyczn\u0105 stylistyk\u0105. Szare \u015bciany, bia\u0142a konstrukcja oraz grafitowe daszki stworz\u0105 sp\u00f3jn\u0105 i eleganck\u0105 ca\u0142o\u015b\u0107, kt\u00f3ra wkomponuje si\u0119 w r\u00f3\u017cnorodne miejskie przestrzenie<\/em>\u00a0\u2013 informuje Miejski Zarz\u0105d Us\u0142ug Komunalnych w Gliwicach.<\/p>\n<p>Ka\u017cdy domek ma 2 \u00d7 3 metry i posiada trzy otwierane okna handlowe oraz wej\u015bcie od tylnej strony. Sk\u0142adana konstrukcja pozwala na ich wielokrotny monta\u017c, demonta\u017c i transport, dzi\u0119ki czemu mog\u0105 towarzyszy\u0107 mieszka\u0144com podczas r\u00f3\u017cnych wydarze\u0144 w ci\u0105gu roku.<\/p>\n<p><strong>Ods\u0142ona ju\u017c w grudniu<\/strong><\/p>\n<p>Nowe domki maj\u0105 by\u0107 nie tylko wygodn\u0105 przestrzeni\u0105 dla wystawc\u00f3w, ale r\u00f3wnie\u017c estetycznym i sp\u00f3jnym elementem miejskich wydarze\u0144. Po raz pierwszy b\u0119dzie mo\u017cna je zobaczy\u0107 podczas Gliwickiego Jarmarku Bo\u017conarodzeniowego. Za wykonanie i dostaw\u0119 odpowiada Pawe\u0142 Kr\u00f3l Przedsi\u0119biorstwo Handlowo-Us\u0142ugowe RIVAGIS z Kwidzyna. Warto\u015b\u0107 zam\u00f3wienia wynosi 144 495,69 z\u0142 netto.<\/p>\n<p>info: UM Gliwice\/ MZUK<\/p>\n<p>Wizualizacja, materia\u0142y MZUK<\/p>\n","protected":false},"excerpt":{"rendered":"<p>Do miejskiego wyposa\u017cenia trafi 25 nowych, drewnianych domk\u00f3w handlowych, kt\u00f3re b\u0119d\u0105 wykorzystywane podczas jarmark\u00f3w, kiermasz\u00f3w, imprez miejskich i innych plenerowych wydarze\u0144. B\u0119dzie schludnie i estetycznie.\u00a0 \u2013\u00a0Nowe domki b\u0119d\u0105 wyr\u00f3\u017cnia\u0107 si\u0119 nowoczesn\u0105 i minimalistyczn\u0105 stylistyk\u0105. Szare \u015bciany, bia\u0142a konstrukcja oraz grafitowe daszki stworz\u0105 sp\u00f3jn\u0105 i eleganck\u0105 ca\u0142o\u015b\u0107, kt\u00f3ra wkomponuje si\u0119 w r\u00f3\u017cnorodne miejskie przestrzenie\u00a0\u2013 informuje Miejski [&hellip;]<\/p>\n","protected":false},"author":6,"featured_media":64912,"comment_status":"open","ping_status":"open","sticky":false,"template":"","format":"standard","meta":{"footnotes":""},"categories":[49,52],"tags":[94,86,85,156],"class_list":{"0":"post-64911","1":"post","2":"type-post","3":"status-publish","4":"format-standard","5":"has-post-thumbnail","6":"hentry","7":"category-gliwice","8":"category-informacje","9":"tag-gliwice","11":"tag-iknw","12":"tag-info"},"_links":{"self":[{"href":"https:\/\/iknw.pl\/index.php?rest_route=\/wp\/v2\/posts\/64911","targetHints":{"allow":["GET"]}}],"collection":[{"href":"https:\/\/iknw.pl\/index.php?rest_route=\/wp\/v2\/posts"}],"about":[{"href":"https:\/\/iknw.pl\/index.php?rest_route=\/wp\/v2\/types\/post"}],"author":[{"embeddable":true,"href":"https:\/\/iknw.pl\/index.php?rest_route=\/wp\/v2\/users\/6"}],"replies":[{"embeddable":true,"href":"https:\/\/iknw.pl\/index.php?rest_route=%2Fwp%2Fv2%2Fcomments&post=64911"}],"version-history":[{"count":1,"href":"https:\/\/iknw.pl\/index.php?rest_route=\/wp\/v2\/posts\/64911\/revisions"}],"predecessor-version":[{"id":64913,"href":"https:\/\/iknw.pl\/index.php?rest_route=\/wp\/v2\/posts\/64911\/revisions\/64913"}],"wp:featuredmedia":[{"embeddable":true,"href":"https:\/\/iknw.pl\/index.php?rest_route=\/wp\/v2\/media\/64912"}],"wp:attachment":[{"href":"https:\/\/iknw.pl\/index.php?rest_route=%2Fwp%2Fv2%2Fmedia&parent=64911"}],"wp:term":[{"taxonomy":"category","embeddable":true,"href":"https:\/\/iknw.pl\/index.php?rest_route=%2Fwp%2Fv2%2Fcategories&post=64911"},{"taxonomy":"post_tag","embeddable":true,"href":"https:\/\/iknw.pl\/index.php?rest_route=%2Fwp%2Fv2%2Ftags&post=64911"}],"curies":[{"name":"wp","href":"https:\/\/api.w.org\/{rel}","templated":true}]}}