{"id":64934,"date":"2026-09-02T20:43:07","date_gmt":"2026-09-02T18:43:07","guid":{"rendered":"https:\/\/iknw.pl\/?p=64934"},"modified":"2026-09-02T20:43:07","modified_gmt":"2026-09-02T18:43:07","slug":"knurow-pozegnanie-lata-z-fundacja-rozanieleni","status":"publish","type":"post","link":"https:\/\/iknw.pl\/?p=64934","title":{"rendered":"Knur\u00f3w: Po\u017cegnanie Lata z Fundacj\u0105 RozAnieleni"},"content":{"rendered":"<p>Sobota, 19 wrze\u015bnia 2026 roku, up\u0142ynie w Feliks\u00f3wce pod znakiem rodzinnej zabawy, muzyki i plenerowej integracji. Od godziny 15:00 Fundacja RozAnieleni zaprasza wszystkich mieszka\u0144c\u00f3w na  Po\u017cegnanie Lata, na kt\u00f3re wst\u0119p jest ca\u0142kowicie wolny.<\/p>\n<p>Organizatorzy przygotowali mn\u00f3stwo atrakcji, kt\u00f3re wype\u0142ni\u0105 to wrze\u015bniowe popo\u0142udnie. G\u0142\u00f3wnym punktem programu b\u0119dzie wsp\u00f3lne ognisko integracyjne, przy kt\u00f3rym nie zabraknie tradycyjnego \u015bpiewania przy d\u017awi\u0119kach gitary. Najm\u0142odsi uczestnicy wydarzenia b\u0119d\u0105 mogli wzi\u0105\u0107 udzia\u0142 w licznych grach i zabawach, a tak\u017ce skorzysta\u0107 ze stoisk z malowaniem twarzy i zaplataniem kolorowych warkoczyk\u00f3w. Na wszystkich go\u015bci czeka\u0107 b\u0119dzie r\u00f3wnie\u017c pocz\u0119stunek w postaci kie\u0142basek, s\u0142odko\u015bci oraz napoj\u00f3w.<\/p>\n<p>\u200b\u201eB\u0119dzie ogie\u0144, b\u0119dzie gitara, tylko Ciebie nie mo\u017ce zabrakn\u0105\u0107!\u201d &#8211;  tak do wsp\u00f3lnego biesiadowania zach\u0119caj\u0105 przedstawiciele fundacji. To doskona\u0142a okazja, aby sp\u0119dzi\u0107 mi\u0142y, wrze\u015bniowy czas w gronie s\u0105siad\u00f3w, przyjaci\u00f3\u0142 i rodziny. Zapraszamy do Feliks\u00f3wki ju\u017c od godziny 15:00!<\/p>\n","protected":false},"excerpt":{"rendered":"<p>Sobota, 19 wrze\u015bnia 2026 roku, up\u0142ynie w Feliks\u00f3wce pod znakiem rodzinnej zabawy, muzyki i plenerowej integracji. Od godziny 15:00 Fundacja RozAnieleni zaprasza wszystkich mieszka\u0144c\u00f3w na Po\u017cegnanie Lata, na kt\u00f3re wst\u0119p jest ca\u0142kowicie wolny. Organizatorzy przygotowali mn\u00f3stwo atrakcji, kt\u00f3re wype\u0142ni\u0105 to wrze\u015bniowe popo\u0142udnie. G\u0142\u00f3wnym punktem programu b\u0119dzie wsp\u00f3lne ognisko integracyjne, przy kt\u00f3rym nie zabraknie tradycyjnego \u015bpiewania [&hellip;]<\/p>\n","protected":false},"author":6,"featured_media":64935,"comment_status":"open","ping_status":"open","sticky":false,"template":"","format":"standard","meta":{"footnotes":""},"categories":[52,39,32],"tags":[555,86,85,156],"class_list":{"0":"post-64934","1":"post","2":"type-post","3":"status-publish","4":"format-standard","5":"has-post-thumbnail","6":"hentry","7":"category-informacje","9":"category-kultura-i-rozrywka","10":"tag-feliksowka","12":"tag-iknw","13":"tag-info"},"_links":{"self":[{"href":"https:\/\/iknw.pl\/index.php?rest_route=\/wp\/v2\/posts\/64934","targetHints":{"allow":["GET"]}}],"collection":[{"href":"https:\/\/iknw.pl\/index.php?rest_route=\/wp\/v2\/posts"}],"about":[{"href":"https:\/\/iknw.pl\/index.php?rest_route=\/wp\/v2\/types\/post"}],"author":[{"embeddable":true,"href":"https:\/\/iknw.pl\/index.php?rest_route=\/wp\/v2\/users\/6"}],"replies":[{"embeddable":true,"href":"https:\/\/iknw.pl\/index.php?rest_route=%2Fwp%2Fv2%2Fcomments&post=64934"}],"version-history":[{"count":1,"href":"https:\/\/iknw.pl\/index.php?rest_route=\/wp\/v2\/posts\/64934\/revisions"}],"predecessor-version":[{"id":64936,"href":"https:\/\/iknw.pl\/index.php?rest_route=\/wp\/v2\/posts\/64934\/revisions\/64936"}],"wp:featuredmedia":[{"embeddable":true,"href":"https:\/\/iknw.pl\/index.php?rest_route=\/wp\/v2\/media\/64935"}],"wp:attachment":[{"href":"https:\/\/iknw.pl\/index.php?rest_route=%2Fwp%2Fv2%2Fmedia&parent=64934"}],"wp:term":[{"taxonomy":"category","embeddable":true,"href":"https:\/\/iknw.pl\/index.php?rest_route=%2Fwp%2Fv2%2Fcategories&post=64934"},{"taxonomy":"post_tag","embeddable":true,"href":"https:\/\/iknw.pl\/index.php?rest_route=%2Fwp%2Fv2%2Ftags&post=64934"}],"curies":[{"name":"wp","href":"https:\/\/api.w.org\/{rel}","templated":true}]}}