{"id":64996,"date":"2026-09-04T19:18:04","date_gmt":"2026-09-04T17:18:04","guid":{"rendered":"https:\/\/iknw.pl\/?p=64996"},"modified":"2026-09-04T19:18:04","modified_gmt":"2026-09-04T17:18:04","slug":"gliwice-zmiana-w-programie-dni-gliwic-voo-voo-zastapi-kasie-nosowska","status":"publish","type":"post","link":"https:\/\/iknw.pl\/?p=64996","title":{"rendered":"Gliwice: Zmiana w programie Dni Gliwic. Voo Voo zast\u0105pi Kasi\u0119 Nosowsk\u0105"},"content":{"rendered":"<p><strong>Z powodu choroby Kasia Nosowska nie wyst\u0105pi w sobot\u0119 podczas tegorocznych Dni Gliwic. Artystka nie b\u0119dzie mog\u0142a zagra\u0107 zaplanowanego koncertu.<\/strong><\/p>\n<p>Mamy jednak dobr\u0105 wiadomo\u015b\u0107 \u2013 w sobotni wiecz\u00f3r na scenie Dni Gliwic wyst\u0105pi zesp\u00f3\u0142 Voo Voo. Zast\u0119pstwo uda\u0142o si\u0119 zorganizowa\u0107 w bardzo kr\u00f3tkim czasie, dzi\u0119ki czemu koncertowa cz\u0119\u015b\u0107 sobotniego programu odb\u0119dzie si\u0119 zgodnie z planem.<\/p>\n<p>\u017ba\u0142ujemy, \u017ce Kasia Nosowska nie b\u0119dzie mog\u0142a wyst\u0105pi\u0107 w Gliwicach. \u017byczymy jej szybkiego powrotu do zdrowia i przepraszamy wszystkich, kt\u00f3rzy czekali na ten koncert.<\/p>\n<p>Pozosta\u0142e wydarzenia Dni Gliwic odb\u0119d\u0105 si\u0119 zgodnie z programem.<\/p>\n<p>Do zobaczenia w sobot\u0119 \u2013 Dni Gliwic graj\u0105 dalej!<\/p>\n<p>info: UM Gliwice<\/p>\n<p>Fot. materia\u0142y organizatora<\/p>\n<p>&nbsp;<\/p>\n","protected":false},"excerpt":{"rendered":"<p>Z powodu choroby Kasia Nosowska nie wyst\u0105pi w sobot\u0119 podczas tegorocznych Dni Gliwic. Artystka nie b\u0119dzie mog\u0142a zagra\u0107 zaplanowanego koncertu. Mamy jednak dobr\u0105 wiadomo\u015b\u0107 \u2013 w sobotni wiecz\u00f3r na scenie Dni Gliwic wyst\u0105pi zesp\u00f3\u0142 Voo Voo. Zast\u0119pstwo uda\u0142o si\u0119 zorganizowa\u0107 w bardzo kr\u00f3tkim czasie, dzi\u0119ki czemu koncertowa cz\u0119\u015b\u0107 sobotniego programu odb\u0119dzie si\u0119 zgodnie z planem. [&hellip;]<\/p>\n","protected":false},"author":6,"featured_media":64997,"comment_status":"open","ping_status":"open","sticky":false,"template":"","format":"standard","meta":{"footnotes":""},"categories":[49,52,32],"tags":[94,86,85,156],"class_list":{"0":"post-64996","1":"post","2":"type-post","3":"status-publish","4":"format-standard","5":"has-post-thumbnail","6":"hentry","7":"category-gliwice","8":"category-informacje","9":"category-kultura-i-rozrywka","10":"tag-gliwice","12":"tag-iknw","13":"tag-info"},"_links":{"self":[{"href":"https:\/\/iknw.pl\/index.php?rest_route=\/wp\/v2\/posts\/64996","targetHints":{"allow":["GET"]}}],"collection":[{"href":"https:\/\/iknw.pl\/index.php?rest_route=\/wp\/v2\/posts"}],"about":[{"href":"https:\/\/iknw.pl\/index.php?rest_route=\/wp\/v2\/types\/post"}],"author":[{"embeddable":true,"href":"https:\/\/iknw.pl\/index.php?rest_route=\/wp\/v2\/users\/6"}],"replies":[{"embeddable":true,"href":"https:\/\/iknw.pl\/index.php?rest_route=%2Fwp%2Fv2%2Fcomments&post=64996"}],"version-history":[{"count":1,"href":"https:\/\/iknw.pl\/index.php?rest_route=\/wp\/v2\/posts\/64996\/revisions"}],"predecessor-version":[{"id":64998,"href":"https:\/\/iknw.pl\/index.php?rest_route=\/wp\/v2\/posts\/64996\/revisions\/64998"}],"wp:featuredmedia":[{"embeddable":true,"href":"https:\/\/iknw.pl\/index.php?rest_route=\/wp\/v2\/media\/64997"}],"wp:attachment":[{"href":"https:\/\/iknw.pl\/index.php?rest_route=%2Fwp%2Fv2%2Fmedia&parent=64996"}],"wp:term":[{"taxonomy":"category","embeddable":true,"href":"https:\/\/iknw.pl\/index.php?rest_route=%2Fwp%2Fv2%2Fcategories&post=64996"},{"taxonomy":"post_tag","embeddable":true,"href":"https:\/\/iknw.pl\/index.php?rest_route=%2Fwp%2Fv2%2Ftags&post=64996"}],"curies":[{"name":"wp","href":"https:\/\/api.w.org\/{rel}","templated":true}]}}